{"id":6153,"date":"2016-08-26T15:09:44","date_gmt":"2016-08-26T13:09:44","guid":{"rendered":"http:\/\/heimatverein.he-webpack.de\/?p=6153"},"modified":"2016-09-19T08:07:08","modified_gmt":"2016-09-19T06:07:08","slug":"tag-der-heimatvereine-2016","status":"publish","type":"post","link":"http:\/\/heimatverein.he-webpack.de\/?p=6153","title":{"rendered":"Tag der Heimatvereine 2016"},"content":{"rendered":"<p><a href=\"http:\/\/heimatverein.he-webpack.de\/wp-content\/uploads\/2010\/02\/Familienf-Schild.jpg\" rel=\"attachment wp-att-1167\" rel=\"lightbox[6153]\"><img loading=\"lazy\" decoding=\"async\" src=\"http:\/\/heimatverein.he-webpack.de\/wp-content\/uploads\/2010\/02\/Familienf-Schild-150x150.jpg\" alt=\"Familienforschung beim Heimatverein B\u00f6rger\" width=\"150\" height=\"150\" class=\"alignright size-thumbnail wp-image-1167\" \/><\/a>Sa. 26.08.2016 UB &#8211; Die Planungen und Vorbereitungsarbeiten f\u00fcr den &#8222;Tag der Heimatvereine im Altkreis ASD&#8220; in Hilkenbrook am 18. September 2016 ab 14.00 Uhr laufen. Bei einer Besprechung am gestrigen Abend sind letzte Absprachen get\u00e4tigt worden und die Gruppen aus verschiedensten angegliederen Vereinen des Kreisheimatverein Aschendorf-H\u00fcmmling sind eingewiesen worden. Der Heimatverein B\u00f6rger ist mit der&#8220;Familienforschung&#8220; und mit der Pr\u00e4sentation der Jahresschrift &#8222;Use Borger&#8220; mit dabei. <\/p>\n<p>Zu dieser Veranstaltung suchen wir noch Mitglieder, die den Arbeitskreis &#8222;Geschichte&#8220; bei diesem Event unterst\u00fctzen (2 &#8211; 3 Leute). Wir werden zusammen mit dem HV Lorup und dem HV Aschendorf jeweils die vereinseigenen Schriften pr\u00e4sentieren und bei Familienforschungern helfen. Wir m\u00fcssen deshalb den Stand am 18.09.16 morgens 09.30 Uhr aufbauen. Dann ab 14.00 Uhr am Stand sein und diesen bis in den Sp\u00e4tnachmittag besetzen. Aus Erfahrung wei\u00df ich, das dort viele Kontakte und neue Ideen gekn\u00fcpft werden k\u00f6nnen. Wer hat Lust uns zu begleiten?<\/p>\n","protected":false},"excerpt":{"rendered":"<p>Sa. 26.08.2016 UB &#8211; Die Planungen und Vorbereitungsarbeiten f\u00fcr den &#8222;Tag der Heimatvereine im Altkreis ASD&#8220; in Hilkenbrook am 18. September 2016 ab 14.00 Uhr laufen. Bei einer Besprechung am gestrigen Abend sind letzte Absprachen get\u00e4tigt worden und die Gruppen aus verschiedensten angegliederen Vereinen des Kreisheimatverein Aschendorf-H\u00fcmmling sind eingewiesen worden. Der Heimatverein B\u00f6rger ist mit [&#8230;]<\/p>\n","protected":false},"author":2,"featured_media":0,"comment_status":"closed","ping_status":"open","sticky":false,"template":"","format":"standard","meta":{"ngg_post_thumbnail":0,"footnotes":""},"categories":[3],"tags":[],"class_list":["post-6153","post","type-post","status-publish","format-standard","hentry","category-neuigkeiten","odd"],"_links":{"self":[{"href":"http:\/\/heimatverein.he-webpack.de\/index.php?rest_route=\/wp\/v2\/posts\/6153","targetHints":{"allow":["GET"]}}],"collection":[{"href":"http:\/\/heimatverein.he-webpack.de\/index.php?rest_route=\/wp\/v2\/posts"}],"about":[{"href":"http:\/\/heimatverein.he-webpack.de\/index.php?rest_route=\/wp\/v2\/types\/post"}],"author":[{"embeddable":true,"href":"http:\/\/heimatverein.he-webpack.de\/index.php?rest_route=\/wp\/v2\/users\/2"}],"replies":[{"embeddable":true,"href":"http:\/\/heimatverein.he-webpack.de\/index.php?rest_route=%2Fwp%2Fv2%2Fcomments&post=6153"}],"version-history":[{"count":14,"href":"http:\/\/heimatverein.he-webpack.de\/index.php?rest_route=\/wp\/v2\/posts\/6153\/revisions"}],"predecessor-version":[{"id":6156,"href":"http:\/\/heimatverein.he-webpack.de\/index.php?rest_route=\/wp\/v2\/posts\/6153\/revisions\/6156"}],"wp:attachment":[{"href":"http:\/\/heimatverein.he-webpack.de\/index.php?rest_route=%2Fwp%2Fv2%2Fmedia&parent=6153"}],"wp:term":[{"taxonomy":"category","embeddable":true,"href":"http:\/\/heimatverein.he-webpack.de\/index.php?rest_route=%2Fwp%2Fv2%2Fcategories&post=6153"},{"taxonomy":"post_tag","embeddable":true,"href":"http:\/\/heimatverein.he-webpack.de\/index.php?rest_route=%2Fwp%2Fv2%2Ftags&post=6153"}],"curies":[{"name":"wp","href":"https:\/\/api.w.org\/{rel}","templated":true}]}}