{"id":6129,"date":"2016-08-18T17:42:54","date_gmt":"2016-08-18T15:42:54","guid":{"rendered":"http:\/\/heimatverein.he-webpack.de\/?p=6129"},"modified":"2016-08-23T23:21:42","modified_gmt":"2016-08-23T21:21:42","slug":"malerei-an-der-letzten-litfasssaeule-in-boerger","status":"publish","type":"post","link":"http:\/\/heimatverein.he-webpack.de\/?p=6129","title":{"rendered":"Malerei an der letzten Litfa\u00dfs\u00e4ule in B\u00f6rger"},"content":{"rendered":"<p><a href=\"http:\/\/heimatverein.he-webpack.de\/wp-content\/uploads\/2016\/08\/Litfasss\u00e4ule-B\u00f6rger.jpg\" rel=\"attachment wp-att-6141\"><img loading=\"lazy\" decoding=\"async\" src=\"http:\/\/heimatverein.he-webpack.de\/wp-content\/uploads\/2016\/08\/Litfasss\u00e4ule-B\u00f6rger-200x150.jpg\" alt=\"Litfasss\u00e4ule B\u00f6rger\" width=\"200\" height=\"150\" class=\"alignleft size-thumbnail wp-image-6141\" \/><\/a>18.08.2016 UB &#8211; Schon bei der 1150-Jahr-Feier gab es Ideen die einzige von drei Litfa\u00dfs\u00e4ulen zu reaktivieren und wieder einem Zweck zur Verf\u00fcgung zu stellen. Das gelang damals in 2004 nicht. Nachbarn retteten diese S\u00e4ule in den 1990er Jahren vor dem Abri\u00df, somit blieb diese S\u00e4ule an der Ecke Dorfstra\u00dfe &#8211; Am Brink erhalten. Nach einer Reinigungsaktion im Fr\u00fchjahr 2016 in diesem kleinen Brink, gab es eine Gelegenheit hier auch dieses Bauwerk einer k\u00fcnstlerischen Bestimmung zuzuf\u00fchren. Es verdichten sich Hinweise, das dieser Platz auf dem einst das J\u00e4gerhaus des Kurf\u00fcrsten stand (bis mitte des 17. Jh.), auch eine weitere kulturhistorische Bedeutung hat (???).<\/p>\n<p>Hans Klassen versah die &#8222;Litfa\u00dfs\u00e4ule&#8220; mit einer Grundierung und es gelang ihm mit Hilfe von Bgm. Hermann W\u00f6ste und Werner Jansen von der Samtgemeindeverwaltung einen K\u00fcnstler zu bewegen, hier t\u00e4tig zu werden. Dieser Englische K\u00fcnstler namens Matthew May, war bei dem Event &#8222;Streetart = Stra\u00dfenmalerei&#8220; in S\u00f6gel dabei und stellte seine entgeldliche Arbeit in der &#8222;Folloup-Week (folgende Woche)&#8220; in B\u00f6rger zur Verf\u00fcgung. Weitere bleibende Werke entstanden im Stra\u00dfenbild in Klein Ber\u00dfen und S\u00f6gel. Allen Beteiligten in B\u00f6rger, ein &#8222;Dankesch\u00f6n&#8220; f\u00fcr diese Aktion.<\/p>\n","protected":false},"excerpt":{"rendered":"<p>18.08.2016 UB &#8211; Schon bei der 1150-Jahr-Feier gab es Ideen die einzige von drei Litfa\u00dfs\u00e4ulen zu reaktivieren und wieder einem Zweck zur Verf\u00fcgung zu stellen. Das gelang damals in 2004 nicht. Nachbarn retteten diese S\u00e4ule in den 1990er Jahren vor dem Abri\u00df, somit blieb diese S\u00e4ule an der Ecke Dorfstra\u00dfe &#8211; Am Brink erhalten. Nach [&#8230;]<\/p>\n","protected":false},"author":2,"featured_media":0,"comment_status":"closed","ping_status":"open","sticky":false,"template":"","format":"standard","meta":{"ngg_post_thumbnail":0,"footnotes":""},"categories":[3],"tags":[],"class_list":["post-6129","post","type-post","status-publish","format-standard","hentry","category-neuigkeiten","odd"],"_links":{"self":[{"href":"http:\/\/heimatverein.he-webpack.de\/index.php?rest_route=\/wp\/v2\/posts\/6129","targetHints":{"allow":["GET"]}}],"collection":[{"href":"http:\/\/heimatverein.he-webpack.de\/index.php?rest_route=\/wp\/v2\/posts"}],"about":[{"href":"http:\/\/heimatverein.he-webpack.de\/index.php?rest_route=\/wp\/v2\/types\/post"}],"author":[{"embeddable":true,"href":"http:\/\/heimatverein.he-webpack.de\/index.php?rest_route=\/wp\/v2\/users\/2"}],"replies":[{"embeddable":true,"href":"http:\/\/heimatverein.he-webpack.de\/index.php?rest_route=%2Fwp%2Fv2%2Fcomments&post=6129"}],"version-history":[{"count":11,"href":"http:\/\/heimatverein.he-webpack.de\/index.php?rest_route=\/wp\/v2\/posts\/6129\/revisions"}],"predecessor-version":[{"id":6132,"href":"http:\/\/heimatverein.he-webpack.de\/index.php?rest_route=\/wp\/v2\/posts\/6129\/revisions\/6132"}],"wp:attachment":[{"href":"http:\/\/heimatverein.he-webpack.de\/index.php?rest_route=%2Fwp%2Fv2%2Fmedia&parent=6129"}],"wp:term":[{"taxonomy":"category","embeddable":true,"href":"http:\/\/heimatverein.he-webpack.de\/index.php?rest_route=%2Fwp%2Fv2%2Fcategories&post=6129"},{"taxonomy":"post_tag","embeddable":true,"href":"http:\/\/heimatverein.he-webpack.de\/index.php?rest_route=%2Fwp%2Fv2%2Ftags&post=6129"}],"curies":[{"name":"wp","href":"https:\/\/api.w.org\/{rel}","templated":true}]}}