{"id":6108,"date":"2016-08-11T18:48:17","date_gmt":"2016-08-11T16:48:17","guid":{"rendered":"http:\/\/heimatverein.he-webpack.de\/?p=6108"},"modified":"2016-08-14T21:43:03","modified_gmt":"2016-08-14T19:43:03","slug":"besuch-aus-dem-indische-kerala","status":"publish","type":"post","link":"http:\/\/heimatverein.he-webpack.de\/?p=6108","title":{"rendered":"Besuch aus dem Indischen Kerala"},"content":{"rendered":"<p><div id=\"attachment_6127\" style=\"width: 210px\" class=\"wp-caption alignright\"><a href=\"http:\/\/heimatverein.he-webpack.de\/wp-content\/uploads\/2016\/08\/Indische-Past\u00f6re.jpg\" rel=\"attachment wp-att-6127\"><img loading=\"lazy\" decoding=\"async\" aria-describedby=\"caption-attachment-6127\" src=\"http:\/\/heimatverein.he-webpack.de\/wp-content\/uploads\/2016\/08\/Indische-Past\u00f6re-200x150.jpg\" alt=\"Pater Mathew und Vijay aus Indien\" width=\"200\" height=\"150\" class=\"size-thumbnail wp-image-6127\" srcset=\"http:\/\/heimatverein.he-webpack.de\/wp-content\/uploads\/2016\/08\/Indische-Past\u00f6re-200x150.jpg 200w, http:\/\/heimatverein.he-webpack.de\/wp-content\/uploads\/2016\/08\/Indische-Past\u00f6re-300x224.jpg 300w, http:\/\/heimatverein.he-webpack.de\/wp-content\/uploads\/2016\/08\/Indische-Past\u00f6re-768x573.jpg 768w, http:\/\/heimatverein.he-webpack.de\/wp-content\/uploads\/2016\/08\/Indische-Past\u00f6re-1024x765.jpg 1024w, http:\/\/heimatverein.he-webpack.de\/wp-content\/uploads\/2016\/08\/Indische-Past\u00f6re-150x112.jpg 150w, http:\/\/heimatverein.he-webpack.de\/wp-content\/uploads\/2016\/08\/Indische-Past\u00f6re-400x299.jpg 400w, http:\/\/heimatverein.he-webpack.de\/wp-content\/uploads\/2016\/08\/Indische-Past\u00f6re.jpg 1200w\" sizes=\"auto, (max-width: 200px) 100vw, 200px\" \/><\/a><p id=\"caption-attachment-6127\" class=\"wp-caption-text\">Pater Mathew und Vijay aus Indien<\/p><\/div>11.08.2016 UB &#8211; Zu seinem wohl letzten Besuch in Europa, so sagte er selbst, kam Pater Mathew Wallipalm dieser Tage zu seinem Freunden ins Emsland. Erika u. Heinrich Wesseln sowie Mechtild u. Hubert Westerhof hatten anl\u00e4\u00dflich dieses Besuches ein &#8222;Willkommen&#8220; im Heimathaus und ein Besuchsprogramm organisiert. Pater Mathew zelebrierte zu Beginn eine kleine Messe, danach gab es einen Kl\u00f6n-Nachmittag. Untergebracht war er bei der Familie Wesseln.<\/p>\n<p>Anwesend waren ca. 26 Freundinnen und Freunde aus Dersum\/Neudersum, Werpeloh und B\u00f6rger, die Pater Mathew bei seinen pastoralen Diensten von 1984 bis in die 1990er Jahre kennengelernt haben und seine Arbeit schon jahrelang unterst\u00fctzen. Auch der in B\u00f6rger Dienst tuende (Urlaubsvertretung f\u00fcr Pfarrer Santel) junge Priester Pater Vijay OFM (ebenfalls aus Indien, jedoch aus dem Bundesstaat Tamil-Nadu im S\u00fcdosten von Indien) war gekommen und stellte den G\u00e4sten von Prof. Dr. Mathew Vallipallam, bei Kaffee und Kuchen, das Land Indien vor. Meine Ehefrau Luise und mich hat er im Sept. 1985 getraut. Das war so sagte er es sp\u00e4ter, seine erste Trauung.<\/p>\n<p>Pater Mathew leitet im Bundesstaat Kerala in S\u00fcdwest-Indien eine Uni, ein Priesterkolleg. Zur Zeit bereitet er 65 angehende katholische Priester auf ihren Beruf vor. Nach diesem Treffen geht es Samstag, 13.08.16 in den Raum Kevelar, seine kath. Ordensschwestern besuchen und dort an Feierlichkeiten teilzunehmen. Bevor er am Montag, 15. Aug. 2016 nach Bayern (Alt\u00f6tting) und nach \u00d6sterreich (Linz) geht. Am 22.08.2016 verl\u00e4sst er Europa wieder in Richtung Kerala\/India.<\/p>\n","protected":false},"excerpt":{"rendered":"<p><p id=\"caption-attachment-6127\" class=\"wp-caption-text\">Pater Mathew und Vijay aus Indien<\/p>\n<p>11.08.2016 UB &#8211; Zu seinem wohl letzten Besuch in Europa, so sagte er selbst, kam Pater Mathew Wallipalm dieser Tage zu seinem Freunden ins Emsland. Erika u. Heinrich Wesseln sowie Mechtild u. Hubert Westerhof hatten anl\u00e4\u00dflich dieses Besuches ein &#8222;Willkommen&#8220; im Heimathaus und ein Besuchsprogramm organisiert. Pater Mathew [&#8230;]<\/p>\n","protected":false},"author":2,"featured_media":0,"comment_status":"closed","ping_status":"open","sticky":false,"template":"","format":"standard","meta":{"ngg_post_thumbnail":0,"footnotes":""},"categories":[3],"tags":[],"class_list":["post-6108","post","type-post","status-publish","format-standard","hentry","category-neuigkeiten","odd"],"_links":{"self":[{"href":"http:\/\/heimatverein.he-webpack.de\/index.php?rest_route=\/wp\/v2\/posts\/6108","targetHints":{"allow":["GET"]}}],"collection":[{"href":"http:\/\/heimatverein.he-webpack.de\/index.php?rest_route=\/wp\/v2\/posts"}],"about":[{"href":"http:\/\/heimatverein.he-webpack.de\/index.php?rest_route=\/wp\/v2\/types\/post"}],"author":[{"embeddable":true,"href":"http:\/\/heimatverein.he-webpack.de\/index.php?rest_route=\/wp\/v2\/users\/2"}],"replies":[{"embeddable":true,"href":"http:\/\/heimatverein.he-webpack.de\/index.php?rest_route=%2Fwp%2Fv2%2Fcomments&post=6108"}],"version-history":[{"count":17,"href":"http:\/\/heimatverein.he-webpack.de\/index.php?rest_route=\/wp\/v2\/posts\/6108\/revisions"}],"predecessor-version":[{"id":6111,"href":"http:\/\/heimatverein.he-webpack.de\/index.php?rest_route=\/wp\/v2\/posts\/6108\/revisions\/6111"}],"wp:attachment":[{"href":"http:\/\/heimatverein.he-webpack.de\/index.php?rest_route=%2Fwp%2Fv2%2Fmedia&parent=6108"}],"wp:term":[{"taxonomy":"category","embeddable":true,"href":"http:\/\/heimatverein.he-webpack.de\/index.php?rest_route=%2Fwp%2Fv2%2Fcategories&post=6108"},{"taxonomy":"post_tag","embeddable":true,"href":"http:\/\/heimatverein.he-webpack.de\/index.php?rest_route=%2Fwp%2Fv2%2Ftags&post=6108"}],"curies":[{"name":"wp","href":"https:\/\/api.w.org\/{rel}","templated":true}]}}