{"id":6055,"date":"2016-07-30T08:33:07","date_gmt":"2016-07-30T06:33:07","guid":{"rendered":"http:\/\/heimatverein.he-webpack.de\/?p=6055"},"modified":"2016-08-02T11:10:23","modified_gmt":"2016-08-02T09:10:23","slug":"rosche-tour-2016-mit-koeniglichen-tatch","status":"publish","type":"post","link":"http:\/\/heimatverein.he-webpack.de\/?p=6055","title":{"rendered":"Rosche Tour 2016 &#8222;mit k\u00f6niglichem Tatsch&#8220;"},"content":{"rendered":"<p><div id=\"attachment_6056\" style=\"width: 262px\" class=\"wp-caption alignleft\"><a href=\"http:\/\/heimatverein.he-webpack.de\/wp-content\/uploads\/2016\/07\/K\u00f6niginnen1200.jpg\" rel=\"attachment wp-att-6056\"><img loading=\"lazy\" decoding=\"async\" aria-describedby=\"caption-attachment-6056\" src=\"http:\/\/heimatverein.he-webpack.de\/wp-content\/uploads\/2016\/07\/K\u00f6niginnen1200-252x300.jpg\" alt=\"Kornk\u00f6nigin Johanna und Erdbeerk\u00f6nigin Franziska\" width=\"252\" height=\"300\" class=\"size-medium wp-image-6056\" srcset=\"http:\/\/heimatverein.he-webpack.de\/wp-content\/uploads\/2016\/07\/K\u00f6niginnen1200-252x300.jpg 252w, http:\/\/heimatverein.he-webpack.de\/wp-content\/uploads\/2016\/07\/K\u00f6niginnen1200-768x914.jpg 768w, http:\/\/heimatverein.he-webpack.de\/wp-content\/uploads\/2016\/07\/K\u00f6niginnen1200-861x1024.jpg 861w, http:\/\/heimatverein.he-webpack.de\/wp-content\/uploads\/2016\/07\/K\u00f6niginnen1200-126x150.jpg 126w, http:\/\/heimatverein.he-webpack.de\/wp-content\/uploads\/2016\/07\/K\u00f6niginnen1200-400x476.jpg 400w, http:\/\/heimatverein.he-webpack.de\/wp-content\/uploads\/2016\/07\/K\u00f6niginnen1200.jpg 1200w\" sizes=\"auto, (max-width: 252px) 100vw, 252px\" \/><\/a><p id=\"caption-attachment-6056\" class=\"wp-caption-text\">Kornk\u00f6nigin Johanna und Erdbeerk\u00f6nigin Franziska<\/p><\/div>30.07.2016 UB &#8211; Die diesj\u00e4hrige Korn-Erlebnis-Tour der Firma Rosche Hasel\u00fcnne, startete gestern um 15.00 Uhr in unserer Gemeinde; und das aus gutem Grund! Seit 2015 ist Johanna L\u00fcbbers vom Riegen als Johanna I. <strong>&#8222;Deutsche Kornk\u00f6nigin&#8220;<\/strong>. Die Familie und die Firma Rosche nahmen dieses zum Anla\u00df, das j\u00e4hrliche bekannte Fahrrad-Event in B\u00f6rger beim Heimathaus vor dem Elternhaus &#8222;Ihrer Hoheit&#8220; starten zu lassen. Schon im M\u00e4rz und April 2016 liefen die Vorbereitungen und Anmeldungen zu dieser 18. Tour. Zu Gast hatte K\u00f6nigin Johanna und die Tourorganisatoren an diesem Tag auch die &#8222;Erdbeerk\u00f6nigin Franzi&#8220; des Oldenburger M\u00fcnsterlandes aus Schneiderkrug bei Vechta. Gru\u00dfworte zum Tourstart spach der Nieders\u00e4chsische Landtagspr\u00e4sident Bernhard Busemann. Mit einem Paukenschlag und dem geistlichen Segen von Pfarrer Karl-Heinz Santel, startete der Landtagspr\u00e4sident im Anschlu\u00df das Feld.<\/p>\n<p>Die Organisation in B\u00f6rger oblag dem Heimatverein B\u00f6rger. Die Gemeinde und die B\u00f6rger Vereine pr\u00e4sentierten sich an diesem Tag den eintreffenden G\u00e4sten. Ab 13.00 Uhr konnte man den Heimathof des Heimatverein B\u00f6rger auf dem Riegen, die Weidenkirche am M\u00fchlenhof, die Fenster der St. Jodokuskirche und das Naturkundehaus der J\u00e4ger und Imker auf der Sandh\u00f6ge besuchen. Dieses nahmen auch viele &#8222;Radler&#8220; wahr. Wie verlautbart wurde, nahmen fast 700 Radler an der Tour von B\u00f6rger \u00fcber Spahnharrenst\u00e4tte, Lahn, H\u00fcven nach Hasel\u00fcnne teil. Es war ein imposantes Bild beim Start und unterwegs. Begleitet wurde der in Gruppen von ca. 150 Radlern fahrende Tross bis H\u00fcven von den B\u00f6rger-, sp\u00e4ter Schleper-Oldtimerfreunden, der Polizei und dem DRK. Die H\u00fcmmlinger Musikanten und die Jagdhornbl\u00e4ser der J\u00e4gergruppe B\u00f6rger unterhielten die G\u00e4ste in B\u00f6rger und auf der Tour. Bei der H\u00fcvener M\u00fchle gab es dann eine &#8222;St\u00e4rkung&#8220;. Hier wurde man vom Heimat- und M\u00fchlenverein H\u00fcven hervorragend verpflegt, bevor man bei eigentlich guten Radfahrwetter (20 Grad, leicht bew\u00f6lkt) die Korn- und Hansestadt Hasel\u00fcnne ansteuerte. <\/p>\n<p><div id=\"attachment_6097\" style=\"width: 310px\" class=\"wp-caption alignright\"><a href=\"http:\/\/heimatverein.he-webpack.de\/wp-content\/uploads\/2016\/07\/Roschegong-Startgong.jpg\" rel=\"attachment wp-att-6097\" rel=\"lightbox[6055]\"><img loading=\"lazy\" decoding=\"async\" aria-describedby=\"caption-attachment-6097\" src=\"http:\/\/heimatverein.he-webpack.de\/wp-content\/uploads\/2016\/07\/Roschegong-Startgong-300x186.jpg\" alt=\"Gruppenfoto beim Start - B\u00f6rger Riegen\" width=\"300\" height=\"186\" class=\"size-medium wp-image-6097\" srcset=\"http:\/\/heimatverein.he-webpack.de\/wp-content\/uploads\/2016\/07\/Roschegong-Startgong-300x186.jpg 300w, http:\/\/heimatverein.he-webpack.de\/wp-content\/uploads\/2016\/07\/Roschegong-Startgong-768x476.jpg 768w, http:\/\/heimatverein.he-webpack.de\/wp-content\/uploads\/2016\/07\/Roschegong-Startgong-1024x635.jpg 1024w, http:\/\/heimatverein.he-webpack.de\/wp-content\/uploads\/2016\/07\/Roschegong-Startgong-150x93.jpg 150w, http:\/\/heimatverein.he-webpack.de\/wp-content\/uploads\/2016\/07\/Roschegong-Startgong-400x248.jpg 400w, http:\/\/heimatverein.he-webpack.de\/wp-content\/uploads\/2016\/07\/Roschegong-Startgong.jpg 1902w\" sizes=\"auto, (max-width: 300px) 100vw, 300px\" \/><\/a><p id=\"caption-attachment-6097\" class=\"wp-caption-text\">Gruppenfoto beim Start &#8211; B\u00f6rger Riegen<\/p><\/div>Dank gilt Allen, die geholfen haben diese Veranstaltung gro\u00dfartig werden zu lassen! Im Tross waren auch viele Radfahrfreunde und Bekannte der Kornk\u00f6nigin aus B\u00f6rger. Auf dem Bild (bei der Verabschiedung nach dem Startgong in B\u00f6rger) sind im Vordergrund (v.Li.)<strong> Landtagspr\u00e4sident Bernd Busemann<\/strong>, Susanne Rosche und Josef Rosche (in Warnweste) sowie Hermann Schmitz (HV B\u00f6rger) und die Deutsche Kornk\u00f6nigin Johanna L\u00fcbbers (vor ihrem Elternhaus) zu sehen. <\/p>\n<p>In Hasel\u00fcnne auf dem Hof der Kornbrennerei Rosche gab es f\u00fcr alle Teilnehmer, den Organisatoren und Helfern einen Imbiss, &#8222;eine Vesper&#8220; und man feierte zusammen bei Musik und Produkten des Hauses in den Abend hinein. Eine besondere Ehre wurde Hermann Schmitz und den Asylanten-Betreuern in B\u00f6rger zuteil. Er erhielt als Koordinatior und Mitinitiator dieser Gruppe von Susanne und Josef Rosche einen Scheck \u00fcber 1111,11 Euro f\u00fcr die wertvolle, zumeist ehrenamtliche Arbeit in B\u00f6rger, \u00fcberreicht. Wir B\u00f6rgeraner danken der Familie Rosche, f\u00fcr diese sch\u00f6ne Aufmerksamkeit und Geste und auch daf\u00fcr das man einmal in B\u00f6rger gestartet ist. &#8211; (Fotos: UB)<\/p>\n","protected":false},"excerpt":{"rendered":"<p><p id=\"caption-attachment-6056\" class=\"wp-caption-text\">Kornk\u00f6nigin Johanna und Erdbeerk\u00f6nigin Franziska<\/p>\n<p>30.07.2016 UB &#8211; Die diesj\u00e4hrige Korn-Erlebnis-Tour der Firma Rosche Hasel\u00fcnne, startete gestern um 15.00 Uhr in unserer Gemeinde; und das aus gutem Grund! Seit 2015 ist Johanna L\u00fcbbers vom Riegen als Johanna I. &#8222;Deutsche Kornk\u00f6nigin&#8220;. Die Familie und die Firma Rosche nahmen dieses zum Anla\u00df, das j\u00e4hrliche bekannte Fahrrad-Event [&#8230;]<\/p>\n","protected":false},"author":2,"featured_media":0,"comment_status":"closed","ping_status":"open","sticky":false,"template":"","format":"standard","meta":{"ngg_post_thumbnail":0,"footnotes":""},"categories":[3],"tags":[],"class_list":["post-6055","post","type-post","status-publish","format-standard","hentry","category-neuigkeiten","odd"],"_links":{"self":[{"href":"http:\/\/heimatverein.he-webpack.de\/index.php?rest_route=\/wp\/v2\/posts\/6055","targetHints":{"allow":["GET"]}}],"collection":[{"href":"http:\/\/heimatverein.he-webpack.de\/index.php?rest_route=\/wp\/v2\/posts"}],"about":[{"href":"http:\/\/heimatverein.he-webpack.de\/index.php?rest_route=\/wp\/v2\/types\/post"}],"author":[{"embeddable":true,"href":"http:\/\/heimatverein.he-webpack.de\/index.php?rest_route=\/wp\/v2\/users\/2"}],"replies":[{"embeddable":true,"href":"http:\/\/heimatverein.he-webpack.de\/index.php?rest_route=%2Fwp%2Fv2%2Fcomments&post=6055"}],"version-history":[{"count":45,"href":"http:\/\/heimatverein.he-webpack.de\/index.php?rest_route=\/wp\/v2\/posts\/6055\/revisions"}],"predecessor-version":[{"id":6059,"href":"http:\/\/heimatverein.he-webpack.de\/index.php?rest_route=\/wp\/v2\/posts\/6055\/revisions\/6059"}],"wp:attachment":[{"href":"http:\/\/heimatverein.he-webpack.de\/index.php?rest_route=%2Fwp%2Fv2%2Fmedia&parent=6055"}],"wp:term":[{"taxonomy":"category","embeddable":true,"href":"http:\/\/heimatverein.he-webpack.de\/index.php?rest_route=%2Fwp%2Fv2%2Fcategories&post=6055"},{"taxonomy":"post_tag","embeddable":true,"href":"http:\/\/heimatverein.he-webpack.de\/index.php?rest_route=%2Fwp%2Fv2%2Ftags&post=6055"}],"curies":[{"name":"wp","href":"https:\/\/api.w.org\/{rel}","templated":true}]}}