{"id":6007,"date":"2016-06-25T09:04:35","date_gmt":"2016-06-25T07:04:35","guid":{"rendered":"http:\/\/heimatverein.he-webpack.de\/?p=6007"},"modified":"2016-09-17T05:37:18","modified_gmt":"2016-09-17T03:37:18","slug":"schwerer-orkansturm","status":"publish","type":"post","link":"http:\/\/heimatverein.he-webpack.de\/?p=6007","title":{"rendered":"Schwerer Orkansturm"},"content":{"rendered":"<p><a href=\"http:\/\/heimatverein.he-webpack.de\/wp-content\/uploads\/2016\/06\/Windbruch-23.06.jpg\" rel=\"attachment wp-att-6011\" rel=\"lightbox[6007]\"><img loading=\"lazy\" decoding=\"async\" src=\"http:\/\/heimatverein.he-webpack.de\/wp-content\/uploads\/2016\/06\/Windbruch-23.06-200x150.jpg\" alt=\"Windbruch 23. Juni 2016\" width=\"200\" height=\"150\" class=\"alignleft size-thumbnail wp-image-6011\" \/><\/a>24.06.2016 UB &#8211; Nach einem sehr schw\u00fclsonnigen gestrigen Tag mit \u00fcber 30 Grad (Hoch Wolfgang), folgten am Abend schwere Gewitter. Angek\u00fcndigt war das Sturmtief &#8222;MARINA&#8220; durch das Wetteramt schon am Morgen des Tages. Um 21.00 Uhr k\u00fcndigte sich der Sturm mit schwerem Blitzen und grollendem Donner an. Um 21.30 Uhr entlud sich die wohl aus &#8222;Osten&#8220; heranziehende erste Front mit Starkregen. Als dieses Gewitter im Abklingen war, kam aus S\u00fcdosten einen zweite noch schwerere Front mit Orkanst\u00e4rke und Starkwinden \u00fcber den H\u00fcmmling gezogen. <\/p>\n<p>Diese S\u00fcdwestfront w\u00fctete im LK Osnabr\u00fcck und Steinfurt und dann auf dem H\u00fcmmling, schwer. Im Raum Ber\u00dfen fielen \u00fcber 100 Liter Niederschlag, die Radde trat \u00fcber die Ufer und viele Senken liefen voll. Das Dach des Schlachthofes Weidemark in S\u00f6gel wurde vom Regenwasser eingedr\u00fcckt. Bei uns in B\u00f6rger waren es ca. 40 Liter Niederschlag. Begleitet wurde der Regen zeitweise von schwerem Hagel (walnussgro\u00df -4cm- auf dem Dosfeld und dem Westdorf) und Orkanwinden bis zur St\u00e4rke 12 = 117-130km\/h. Es gab massiven Windbruch durch eine Windhose rund um den Windberg in Werpeloh (Ortsausfahrt Richtung B\u00f6rger und an der Wippingerstra\u00dfe) und in B\u00f6rger auf dem Esch, dem Nordkamp und dem Dosfeld (Bild von der Dosfelderstra\u00dfe &#8211; Fotos: UB). Die Maisfl\u00e4chen in Werpeloh und in B\u00f6rger auf dem Esch, dem Nordkamp und Dosfeld wurden &#8222;rasiert&#8220;, fallen komplett aus (Bild: Maisfeld im B\u00f6rger Esch, S\u00f6geler Stra\u00dfe). Die Kornfelder dieser Region &#8222;liegen gro\u00dffl\u00e4chig platt&#8220;. Pergola-, Verranda- und Plattend\u00e4cher sowie eine Biogasanlagenh\u00fcllen wurden zerst\u00f6rt oder besch\u00e4digt; der Schaden ist hoch.<\/p>\n<p><a href=\"http:\/\/heimatverein.he-webpack.de\/wp-content\/uploads\/2016\/06\/Windbruch-Mais-23.06.jpg\" rel=\"attachment wp-att-6012\" rel=\"lightbox[6007]\"><img loading=\"lazy\" decoding=\"async\" src=\"http:\/\/heimatverein.he-webpack.de\/wp-content\/uploads\/2016\/06\/Windbruch-Mais-23.06-200x150.jpg\" alt=\"Windbruch Mais 23.06\" width=\"200\" height=\"150\" class=\"alignright size-thumbnail wp-image-6012\" \/><\/a> Die vor einigen Jahren (am 12.07.2010) schon von einem &#8222;Tornado&#8220;, oder Windhose betroffenen Ortsteile Dosfeld und Nordkamp trugen wieder den gr\u00f6\u00dften Schaden davon. Besonders an der Nordkamper-Allee und auf dem Hofbrink Sch\u00fctten fielen wieder m\u00e4chtige B\u00e4ume; wurden durch Starkwind buchst\u00e4blich auseinandergedrecht. Weitere Sch\u00e4den gab es durch \u00dcberflutungen und Wassersch\u00e4den in Geb\u00e4uden. Als diese Front durchgezogen war, glaubte man den Sturm \u00fcberstanden zu haben, das war aber nicht so, denn nach einigen wenigen Minuten Trockenheit zog eine dritte Gewitterfront mit hohen Regenmengen und weiterhin grollendem Donner hinterher, der sich wieder \u00fcber den H\u00fcgeln des H\u00fcmmling austobte. Dann jedoch nach drei Stunden Unwetter beruhigte sich &#8222;M A R I N A&#8220; und am 24.06 um 02.00 Uhr kam das Wetter zur Ruhe. <\/p>\n<p>Die Feuerwehr B\u00f6rger verzeichnete an diesem Abend 10 Eins\u00e4tze und war selbst vom Sturm betroffen. Man war f\u00fcr Hilfeleistungeins\u00e4tze in Ber\u00dfen alarmiert worden und r\u00fcckte dorthin aus. Zwischen B\u00f6rger und Werpeloh jedoch war die Anfahrt zu Ende; man erreichte Ber\u00dfen garnicht, denn vor den Einsatzfahrzeugen und dahinter fielen Eichen und man konnte die Fahrt nicht fortsetzen, hatte selbst jede Menge zu tun um sich selbst und die L51 wieder frei zu machen. Anschlie\u00dfend gab es in B\u00f6rger Arbeit. Emslandweit waren es ca. 170 Eins\u00e4tze der Feuerwehren und des THW durch Windbruch und Wassersch\u00e4den. Personen kamen gl\u00fccklicherweise nicht zu Schaden!<\/p>\n","protected":false},"excerpt":{"rendered":"<p>24.06.2016 UB &#8211; Nach einem sehr schw\u00fclsonnigen gestrigen Tag mit \u00fcber 30 Grad (Hoch Wolfgang), folgten am Abend schwere Gewitter. Angek\u00fcndigt war das Sturmtief &#8222;MARINA&#8220; durch das Wetteramt schon am Morgen des Tages. Um 21.00 Uhr k\u00fcndigte sich der Sturm mit schwerem Blitzen und grollendem Donner an. Um 21.30 Uhr entlud sich die wohl aus [&#8230;]<\/p>\n","protected":false},"author":2,"featured_media":0,"comment_status":"closed","ping_status":"open","sticky":false,"template":"","format":"standard","meta":{"ngg_post_thumbnail":0,"footnotes":""},"categories":[3],"tags":[],"class_list":["post-6007","post","type-post","status-publish","format-standard","hentry","category-neuigkeiten","odd"],"_links":{"self":[{"href":"http:\/\/heimatverein.he-webpack.de\/index.php?rest_route=\/wp\/v2\/posts\/6007","targetHints":{"allow":["GET"]}}],"collection":[{"href":"http:\/\/heimatverein.he-webpack.de\/index.php?rest_route=\/wp\/v2\/posts"}],"about":[{"href":"http:\/\/heimatverein.he-webpack.de\/index.php?rest_route=\/wp\/v2\/types\/post"}],"author":[{"embeddable":true,"href":"http:\/\/heimatverein.he-webpack.de\/index.php?rest_route=\/wp\/v2\/users\/2"}],"replies":[{"embeddable":true,"href":"http:\/\/heimatverein.he-webpack.de\/index.php?rest_route=%2Fwp%2Fv2%2Fcomments&post=6007"}],"version-history":[{"count":26,"href":"http:\/\/heimatverein.he-webpack.de\/index.php?rest_route=\/wp\/v2\/posts\/6007\/revisions"}],"predecessor-version":[{"id":6009,"href":"http:\/\/heimatverein.he-webpack.de\/index.php?rest_route=\/wp\/v2\/posts\/6007\/revisions\/6009"}],"wp:attachment":[{"href":"http:\/\/heimatverein.he-webpack.de\/index.php?rest_route=%2Fwp%2Fv2%2Fmedia&parent=6007"}],"wp:term":[{"taxonomy":"category","embeddable":true,"href":"http:\/\/heimatverein.he-webpack.de\/index.php?rest_route=%2Fwp%2Fv2%2Fcategories&post=6007"},{"taxonomy":"post_tag","embeddable":true,"href":"http:\/\/heimatverein.he-webpack.de\/index.php?rest_route=%2Fwp%2Fv2%2Ftags&post=6007"}],"curies":[{"name":"wp","href":"https:\/\/api.w.org\/{rel}","templated":true}]}}