{"id":5988,"date":"2016-06-14T20:53:33","date_gmt":"2016-06-14T18:53:33","guid":{"rendered":"http:\/\/heimatverein.he-webpack.de\/?p=5988"},"modified":"2016-06-21T23:34:16","modified_gmt":"2016-06-21T21:34:16","slug":"antrag-auf-leader-gelder-ist-genehmigt","status":"publish","type":"post","link":"http:\/\/heimatverein.he-webpack.de\/?p=5988","title":{"rendered":"LEADER-Gelder sind genehmigt."},"content":{"rendered":"<p><div id=\"attachment_5768\" style=\"width: 210px\" class=\"wp-caption alignleft\"><a href=\"http:\/\/heimatverein.he-webpack.de\/wp-content\/uploads\/2016\/03\/Zehntscheune-DR-988.jpg\" rel=\"attachment wp-att-5768\" rel=\"lightbox[5988]\"><img loading=\"lazy\" decoding=\"async\" aria-describedby=\"caption-attachment-5768\" src=\"http:\/\/heimatverein.he-webpack.de\/wp-content\/uploads\/2016\/03\/Zehntscheune-DR-988-200x150.jpg\" alt=\"B\u00f6rger Zehntscheune im Januar 2016\" width=\"200\" height=\"150\" class=\"size-thumbnail wp-image-5768\" \/><\/a><p id=\"caption-attachment-5768\" class=\"wp-caption-text\">B\u00f6rger Zehntscheune im Januar 2016<\/p><\/div>15.06.2016 UB &#8211; Ende letzter Woche erhielten wir von Hermann Wintering die Nachricht, das das Projekt des Heimatverein B\u00f6rger &#8222;Ausbau des Mehrzweckgeb\u00e4udes&#8220; auf der letzten Sitzung eine Zusage auf Bezuschussung erteilt bekommen hat. Somit k\u00f6nnen wir auf Auszahlung der Gelder f\u00fcr dieses Bauprojekt hoffen. Dann kann der Ausbau des Geb\u00e4udes mit Hilfe von Handwerksfirmen, HV-Mitgliedern und weiteren Helfern fortgesetzt werden. Zuerst sollten dann die Anschlu\u00dfarbeiten von Fachfirmen stattfinden und Angebote f\u00fcr die ersten Gewerke des Ausbaues (Fugarbeiten, Elektroarbeiten, Putzarbeiten) eingeholt werden. Die Baubetreuung \u00fcbernimmt dankenswerterweise HV-Mitglied Ing. Werner Jansen von der Samtgemeinde S\u00f6gel. &#8211; Ein Dank gilt auch der Verwaltung der Samtgemeinde S\u00f6gel! <\/p>\n<p>&#8211; Auf ein gutes Gelingen !<\/p>\n","protected":false},"excerpt":{"rendered":"<p><p id=\"caption-attachment-5768\" class=\"wp-caption-text\">B\u00f6rger Zehntscheune im Januar 2016<\/p>\n<p>15.06.2016 UB &#8211; Ende letzter Woche erhielten wir von Hermann Wintering die Nachricht, das das Projekt des Heimatverein B\u00f6rger &#8222;Ausbau des Mehrzweckgeb\u00e4udes&#8220; auf der letzten Sitzung eine Zusage auf Bezuschussung erteilt bekommen hat. Somit k\u00f6nnen wir auf Auszahlung der Gelder f\u00fcr dieses Bauprojekt hoffen. Dann kann der Ausbau des [&#8230;]<\/p>\n","protected":false},"author":2,"featured_media":1910,"comment_status":"closed","ping_status":"open","sticky":false,"template":"","format":"standard","meta":{"ngg_post_thumbnail":0,"footnotes":""},"categories":[3],"tags":[],"class_list":["post-5988","post","type-post","status-publish","format-standard","has-post-thumbnail","hentry","category-neuigkeiten","odd"],"_links":{"self":[{"href":"http:\/\/heimatverein.he-webpack.de\/index.php?rest_route=\/wp\/v2\/posts\/5988","targetHints":{"allow":["GET"]}}],"collection":[{"href":"http:\/\/heimatverein.he-webpack.de\/index.php?rest_route=\/wp\/v2\/posts"}],"about":[{"href":"http:\/\/heimatverein.he-webpack.de\/index.php?rest_route=\/wp\/v2\/types\/post"}],"author":[{"embeddable":true,"href":"http:\/\/heimatverein.he-webpack.de\/index.php?rest_route=\/wp\/v2\/users\/2"}],"replies":[{"embeddable":true,"href":"http:\/\/heimatverein.he-webpack.de\/index.php?rest_route=%2Fwp%2Fv2%2Fcomments&post=5988"}],"version-history":[{"count":10,"href":"http:\/\/heimatverein.he-webpack.de\/index.php?rest_route=\/wp\/v2\/posts\/5988\/revisions"}],"predecessor-version":[{"id":5990,"href":"http:\/\/heimatverein.he-webpack.de\/index.php?rest_route=\/wp\/v2\/posts\/5988\/revisions\/5990"}],"wp:featuredmedia":[{"embeddable":true,"href":"http:\/\/heimatverein.he-webpack.de\/index.php?rest_route=\/wp\/v2\/media\/1910"}],"wp:attachment":[{"href":"http:\/\/heimatverein.he-webpack.de\/index.php?rest_route=%2Fwp%2Fv2%2Fmedia&parent=5988"}],"wp:term":[{"taxonomy":"category","embeddable":true,"href":"http:\/\/heimatverein.he-webpack.de\/index.php?rest_route=%2Fwp%2Fv2%2Fcategories&post=5988"},{"taxonomy":"post_tag","embeddable":true,"href":"http:\/\/heimatverein.he-webpack.de\/index.php?rest_route=%2Fwp%2Fv2%2Ftags&post=5988"}],"curies":[{"name":"wp","href":"https:\/\/api.w.org\/{rel}","templated":true}]}}