{"id":5980,"date":"2016-06-14T20:30:28","date_gmt":"2016-06-14T18:30:28","guid":{"rendered":"http:\/\/heimatverein.he-webpack.de\/?p=5980"},"modified":"2017-01-07T13:20:11","modified_gmt":"2017-01-07T12:20:11","slug":"platt-proter-kaffee","status":"publish","type":"post","link":"http:\/\/heimatverein.he-webpack.de\/?p=5980","title":{"rendered":"Platt proter &#8211; Kaffee"},"content":{"rendered":"<div id=\"attachment_6001\" style=\"width: 210px\" class=\"wp-caption alignright\"><a href=\"http:\/\/heimatverein.he-webpack.de\/wp-content\/uploads\/2016\/06\/Plakat-Plattproter1200.jpg\" rel=\"attachment wp-att-6001\" rel=\"lightbox[5980]\"><img loading=\"lazy\" decoding=\"async\" aria-describedby=\"caption-attachment-6001\" class=\"size-thumbnail wp-image-6001\" src=\"http:\/\/heimatverein.he-webpack.de\/wp-content\/uploads\/2016\/06\/Plakat-Plattproter1200-200x150.jpg\" alt=\"jeden 2. Sonntag im Monat\" width=\"200\" height=\"150\" \/><\/a><p id=\"caption-attachment-6001\" class=\"wp-caption-text\">jeden 2. Sonntag im Monat<\/p><\/div>\n<p>15.06.2016 UB \u2013 Das Heimathaus B\u00f6rger war am 12. Juni 2016 von 14.30 Uhr bis 17.30 Uhr wieder zum Plattproater-Cafe ge\u00f6ffnet. <strong> Der n\u00e4chste Termin ist Sonntag der 10. Juli 2016. <\/strong> Das Heimathauscafe in B\u00f6rger ist ein toller Erfolg. Der Arbeitskreis Heimathauswirtschaft hat bei diesen Terminen immer &#8222;Volles Haus&#8220;. Man bietet bei netten Gespr\u00e4chen in Plattdeutsch und auch Hochdeutsch Tee, Kaffee und erstklassige Torten und Kuchen an. Wie sagte es Hermann Schmitz, unser Vorsitzender &#8211; &#8220; Wenn schon ein selbst\u00e4ndiger Konditor mit mehreren Verkaufstellen aus Aurich sehr oft mit seiner Motorradclique&#8220; auftaucht und immer wieder Lob ausspricht (vielleicht Ideen sucht), kann es nur gut sein. Wir als HV B\u00f6rger m\u00f6chten uns f\u00fcr die Idee, die Ausf\u00fchrung und &#8222;die Arbeit&#8220; herzlich bei Anna Schmitz, Adele Jansen, Mechtild T\u00f6bben und Theresia Oldiges und Mitstreiter bedanken. (Anmerkung: Ideen haben, Freunde begeistern und mit Freunden umsetzen &#8211; toll ).<\/p>\n<p>Die H\u00fcmmlinger Heimatvereine versuchen an jedem Sonntag im Monat diese &#8220; K a f f e e t a f e l n &#8220; in den Heimath\u00e4usern auf dem H\u00fcmmling zu organisieren, damit man dann an jedem Sonntag die verschiedenen Kultureinrichtungen unserer Gegend, verbunden mit einer Kaffeetafel besuchen kann. Vielleicht gelingt es ja. Hier sind noch Absprachen notwendig. Wir sind aber auf einem guten Weg. Esterwegen (schon fest am 1. Sonntagnachmittag im Monat, Wippingen auch 1. Sonntag im Monat), Werlte und weitere Heimatvereine bieten auch Kaffeetafeln an. Andere Vereine sind in der Planungsphase. Es gilt die Termine dann zu organisieren.<\/p>\n","protected":false},"excerpt":{"rendered":"<p id=\"caption-attachment-6001\" class=\"wp-caption-text\">jeden 2. Sonntag im Monat<\/p>\n<p>15.06.2016 UB \u2013 Das Heimathaus B\u00f6rger war am 12. Juni 2016 von 14.30 Uhr bis 17.30 Uhr wieder zum Plattproater-Cafe ge\u00f6ffnet. Der n\u00e4chste Termin ist Sonntag der 10. Juli 2016. Das Heimathauscafe in B\u00f6rger ist ein toller Erfolg. Der Arbeitskreis Heimathauswirtschaft hat bei diesen Terminen immer &#8222;Volles Haus&#8220;. [&#8230;]<\/p>\n","protected":false},"author":2,"featured_media":0,"comment_status":"closed","ping_status":"open","sticky":false,"template":"","format":"standard","meta":{"ngg_post_thumbnail":0,"footnotes":""},"categories":[3],"tags":[],"class_list":["post-5980","post","type-post","status-publish","format-standard","hentry","category-neuigkeiten","odd"],"_links":{"self":[{"href":"http:\/\/heimatverein.he-webpack.de\/index.php?rest_route=\/wp\/v2\/posts\/5980","targetHints":{"allow":["GET"]}}],"collection":[{"href":"http:\/\/heimatverein.he-webpack.de\/index.php?rest_route=\/wp\/v2\/posts"}],"about":[{"href":"http:\/\/heimatverein.he-webpack.de\/index.php?rest_route=\/wp\/v2\/types\/post"}],"author":[{"embeddable":true,"href":"http:\/\/heimatverein.he-webpack.de\/index.php?rest_route=\/wp\/v2\/users\/2"}],"replies":[{"embeddable":true,"href":"http:\/\/heimatverein.he-webpack.de\/index.php?rest_route=%2Fwp%2Fv2%2Fcomments&post=5980"}],"version-history":[{"count":8,"href":"http:\/\/heimatverein.he-webpack.de\/index.php?rest_route=\/wp\/v2\/posts\/5980\/revisions"}],"predecessor-version":[{"id":6558,"href":"http:\/\/heimatverein.he-webpack.de\/index.php?rest_route=\/wp\/v2\/posts\/5980\/revisions\/6558"}],"wp:attachment":[{"href":"http:\/\/heimatverein.he-webpack.de\/index.php?rest_route=%2Fwp%2Fv2%2Fmedia&parent=5980"}],"wp:term":[{"taxonomy":"category","embeddable":true,"href":"http:\/\/heimatverein.he-webpack.de\/index.php?rest_route=%2Fwp%2Fv2%2Fcategories&post=5980"},{"taxonomy":"post_tag","embeddable":true,"href":"http:\/\/heimatverein.he-webpack.de\/index.php?rest_route=%2Fwp%2Fv2%2Ftags&post=5980"}],"curies":[{"name":"wp","href":"https:\/\/api.w.org\/{rel}","templated":true}]}}