{"id":5900,"date":"2016-04-24T20:44:18","date_gmt":"2016-04-24T18:44:18","guid":{"rendered":"http:\/\/heimatverein.he-webpack.de\/?p=5900"},"modified":"2016-04-28T11:14:33","modified_gmt":"2016-04-28T09:14:33","slug":"maler-waren-vor-allem-in-boerger-aktiv","status":"publish","type":"post","link":"http:\/\/heimatverein.he-webpack.de\/?p=5900","title":{"rendered":"Maler waren auf dem H\u00fcmmling aktiv"},"content":{"rendered":"<p><div id=\"attachment_5913\" style=\"width: 210px\" class=\"wp-caption alignleft\"><a href=\"http:\/\/heimatverein.he-webpack.de\/wp-content\/uploads\/2016\/04\/Bracht-B\u00f6rger-Osterm\u00fchle.bmp\" rel=\"attachment wp-att-5913\"><img loading=\"lazy\" decoding=\"async\" aria-describedby=\"caption-attachment-5913\" src=\"http:\/\/heimatverein.he-webpack.de\/wp-content\/uploads\/2016\/04\/Bracht-B\u00f6rger-Osterm\u00fchle.bmp\" alt=\"Osterm\u00fchle B\u00f6rger - von Eugen Bracht\" width=\"1203\" height=\"893\" class=\"size-full wp-image-5913\" \/><\/a><p id=\"caption-attachment-5913\" class=\"wp-caption-text\">Osterm\u00fchle B\u00f6rger &#8211; von Eugen Bracht<\/p><\/div>23.04.2016 UB &#8211; In der zweiten H\u00e4lfte des 19. Jahrhunderts und Anfang des 20. Jahrhunderts entdeckten K\u00fcnstler die urspr\u00fcngliche und naturbelassenen Landschaft mit den Mooren und der Heide des H\u00fcmmling sowie die St\u00e4lle, Naturdenkmale in dieser Landschaft und die H\u00fctten der Menschen als Motiv. Sie sehnten sich als Reaktion auf die rasante Industrialisierung der St\u00e4dte nach dem einfachen Leben und der unber\u00fchrbaren rauen Natur. Es entstanden K\u00fcnstlerkolonien wie in Worpswede und Ahrenshoop. In abgelegenen Landschaften kamen K\u00fcnstler zur Stippvisite. U.a. <a href=\"http:\/\/heimatverein.he-webpack.de\/?page_id=1451\">entdeckten sie den H\u00fcmmling und auch unseren Ort<\/a> als Motiv. Eugen Bracht, Hermann Pr\u00fcssmann, Karl Meier, Dietrich Janssen-Jennelt, Heinrich Hermanns und Weitere, waren oft in der offenen Heidelandschaft anzutreffen.<\/p>\n<p>Dieser Tatsache gerecht wird eine Ausstellung mit einigen Werken, auf Clemenswerth in S\u00f6gel. Die Ausstellungser\u00f6ffnung fand am 14. April 2016 statt. Herr Dirk Heinze von MUSEALOG e. V. bereitete die Ausstellung zusammen mit den Verantwortlichen des Emslandmuseums vor und wird sie auch dokumentarisch begleiten. Die Ausstellung ist bis zum 30. Okt. 2016 (Di bis So und an Feiertagen von 10 &#8211; 18 Uhr ge\u00f6ffnet. <\/p>\n<p>Wir hatten Herrn Heinze Anfang April 2016 bei uns im Heimathaus B\u00f6rger zu Gast. Bei einem interessanten Gespr\u00e4ch wurden Informationen ausgetauscht. In unserem Buch &#8222;B\u00f6rger &#8211; Geschichte des H\u00fcmmlingdorfes&#8220; aus 2005 hat Frau Dr. Christiane Kerrutt aus Rheine schon diese <strong>&#8222;H\u00fcmmling &#8211; Malergruppe&#8220;<\/strong> gew\u00fcrdigt. Die ausgehenden 1800er bis weit in die 1900er Jahre war der H\u00fcmmling f\u00fcr K\u00fcnstler sehr gefragt. Die K\u00fcnstler der ersten Zeit dieser Periode waren es, die als erstes die als \u00f6de und \u00e4rmlich verschrieben Landschaft einen Reiz und eine besondere \u00c4sthetik abgewonnen haben.<\/p>\n","protected":false},"excerpt":{"rendered":"<p><p id=\"caption-attachment-5913\" class=\"wp-caption-text\">Osterm\u00fchle B\u00f6rger &#8211; von Eugen Bracht<\/p>\n<p>23.04.2016 UB &#8211; In der zweiten H\u00e4lfte des 19. Jahrhunderts und Anfang des 20. Jahrhunderts entdeckten K\u00fcnstler die urspr\u00fcngliche und naturbelassenen Landschaft mit den Mooren und der Heide des H\u00fcmmling sowie die St\u00e4lle, Naturdenkmale in dieser Landschaft und die H\u00fctten der Menschen als Motiv. Sie sehnten sich als [&#8230;]<\/p>\n","protected":false},"author":2,"featured_media":0,"comment_status":"closed","ping_status":"open","sticky":false,"template":"","format":"standard","meta":{"ngg_post_thumbnail":0,"footnotes":""},"categories":[3],"tags":[],"class_list":["post-5900","post","type-post","status-publish","format-standard","hentry","category-neuigkeiten","odd"],"_links":{"self":[{"href":"http:\/\/heimatverein.he-webpack.de\/index.php?rest_route=\/wp\/v2\/posts\/5900","targetHints":{"allow":["GET"]}}],"collection":[{"href":"http:\/\/heimatverein.he-webpack.de\/index.php?rest_route=\/wp\/v2\/posts"}],"about":[{"href":"http:\/\/heimatverein.he-webpack.de\/index.php?rest_route=\/wp\/v2\/types\/post"}],"author":[{"embeddable":true,"href":"http:\/\/heimatverein.he-webpack.de\/index.php?rest_route=\/wp\/v2\/users\/2"}],"replies":[{"embeddable":true,"href":"http:\/\/heimatverein.he-webpack.de\/index.php?rest_route=%2Fwp%2Fv2%2Fcomments&post=5900"}],"version-history":[{"count":23,"href":"http:\/\/heimatverein.he-webpack.de\/index.php?rest_route=\/wp\/v2\/posts\/5900\/revisions"}],"predecessor-version":[{"id":5905,"href":"http:\/\/heimatverein.he-webpack.de\/index.php?rest_route=\/wp\/v2\/posts\/5900\/revisions\/5905"}],"wp:attachment":[{"href":"http:\/\/heimatverein.he-webpack.de\/index.php?rest_route=%2Fwp%2Fv2%2Fmedia&parent=5900"}],"wp:term":[{"taxonomy":"category","embeddable":true,"href":"http:\/\/heimatverein.he-webpack.de\/index.php?rest_route=%2Fwp%2Fv2%2Fcategories&post=5900"},{"taxonomy":"post_tag","embeddable":true,"href":"http:\/\/heimatverein.he-webpack.de\/index.php?rest_route=%2Fwp%2Fv2%2Ftags&post=5900"}],"curies":[{"name":"wp","href":"https:\/\/api.w.org\/{rel}","templated":true}]}}