{"id":5863,"date":"2016-04-18T16:12:39","date_gmt":"2016-04-18T14:12:39","guid":{"rendered":"http:\/\/heimatverein.he-webpack.de\/?p=5863"},"modified":"2016-06-05T02:03:06","modified_gmt":"2016-06-05T00:03:06","slug":"wie-alt-ist-unser-dorf","status":"publish","type":"post","link":"http:\/\/heimatverein.he-webpack.de\/?p=5863","title":{"rendered":"Wie alt ist unser Dorf?"},"content":{"rendered":"<p>17.04.2016 UB &#8211; Um einmal Informationen \u00fcber das Alter unseres Dorfes zu bekommen, sind wir einmal mit einem Fachmann im Ort unterwegs gewesen. Es ist Dr. Hans Albers aus Aschendorf, der uns anl\u00e4\u00dflich der Erstellung der &#8222;B\u00f6rger Chronik&#8220; schon einmal half. Er ist mit unserem Heimatfreund Reinhard Rolfes befreundet und versprach uns damals 2004, bei der Datierung der \u00e4ltesten Bodenfunde zu helfen. Nun war es soweit.<\/p>\n<p><a href=\"http:\/\/heimatverein.he-webpack.de\/wp-content\/uploads\/2016\/04\/Arch\u00e4ologie-1200-OK.jpg\" rel=\"attachment wp-att-5881\"><img loading=\"lazy\" decoding=\"async\" src=\"http:\/\/heimatverein.he-webpack.de\/wp-content\/uploads\/2016\/04\/Arch\u00e4ologie-1200-OK-200x150.jpg\" alt=\"Arch\u00e4ologie 1200 OK\" width=\"200\" height=\"150\" class=\"alignright size-thumbnail wp-image-5881\" \/><\/a>Dr. Hans Albers ist gelernter promovierter Geologe und <strong>&#8222;Fachkundiger&#8220;<\/strong> in Arch\u00e4ologie und Geschichte. Er stammt geb\u00fcrtig aus unserer Region. Nach seinem Berufsleben in Westf\u00e4lischen arbeitet er seit einigen Jahren an der Geschichte Ostfrieslands. Dabei schaut er auch, um diese Region abzugrenzen, \u00fcber den Rand Ostfrieslands hinweg. Schon 2004 gab es gute Hinweise f\u00fcr uns, \u00fcber den Ostfriesischen Einflu\u00df auf dem H\u00fcmmling. <\/p>\n<p>Erste Funde und Bodenuntersuchungen ergaben dieser Tage im April 2016, Hinweise, die die bisherigen Annahmen und \u00dcberlieferungen nicht ganz best\u00e4tigen k\u00f6nnen, und auch \u00dcberraschungen die es zu k\u00e4ren gilt. Es verdichten sich aber auch neuere Erkenntnisse der Wissenschaft. Eine Frage wurde dabei immer wieder aufgeworfen. Wo haben unsere Vorfahren ihren Haushaltsabfall gelassen? Es sollen noch weitere Untersuchungen folgen. An der Exkursion im Ort nahmen Dr. Hans Albers (li. auf dem Foto), Dipl.Arch\u00e4ol. Lisa Kruse aus Tunxdorf (3.v.li.), Reinhard Rolfes 2.v.re) und Hermann Ubbenjans (2.v.li.) teil. Tags darauf gab es eine Beurteilung und einen sehr interessanten Fachvortrag von Dr. Albers, den wir mit Aufmerksamkeit lauschten. Dort waren auch Hans Geers (re. auf dem Bild) und Hermann Schmitz dabei (Foto: Herm. Schmitz).<\/p>\n<p>Am 01. Juni 2016 fand eine zweite Begehung des Esches statt um die ersten Hinweise zu verdichten. An der neuen Kartoffelhalle des Bgm Hermann W\u00f6ste wurde ein Profil erkundet und weiter Daten der M\u00e4chtigkeit der Mutterbodenschicht der einzelner Eschteile gemessen. Zum Abschlu\u00df der Begehung stellte man fest, das der Hausbaum der Hofstelle Spark-Sievers einen Umfang von 434,40 cm hat. Damit ist wohl ungef\u00e4hr 347 Jahre alt, ist wohl ca. 1666 gekeimt.<\/p>\n","protected":false},"excerpt":{"rendered":"<p>17.04.2016 UB &#8211; Um einmal Informationen \u00fcber das Alter unseres Dorfes zu bekommen, sind wir einmal mit einem Fachmann im Ort unterwegs gewesen. Es ist Dr. Hans Albers aus Aschendorf, der uns anl\u00e4\u00dflich der Erstellung der &#8222;B\u00f6rger Chronik&#8220; schon einmal half. Er ist mit unserem Heimatfreund Reinhard Rolfes befreundet und versprach uns damals 2004, bei [&#8230;]<\/p>\n","protected":false},"author":2,"featured_media":0,"comment_status":"closed","ping_status":"open","sticky":false,"template":"","format":"standard","meta":{"ngg_post_thumbnail":0,"footnotes":""},"categories":[3],"tags":[],"class_list":["post-5863","post","type-post","status-publish","format-standard","hentry","category-neuigkeiten","odd"],"_links":{"self":[{"href":"http:\/\/heimatverein.he-webpack.de\/index.php?rest_route=\/wp\/v2\/posts\/5863","targetHints":{"allow":["GET"]}}],"collection":[{"href":"http:\/\/heimatverein.he-webpack.de\/index.php?rest_route=\/wp\/v2\/posts"}],"about":[{"href":"http:\/\/heimatverein.he-webpack.de\/index.php?rest_route=\/wp\/v2\/types\/post"}],"author":[{"embeddable":true,"href":"http:\/\/heimatverein.he-webpack.de\/index.php?rest_route=\/wp\/v2\/users\/2"}],"replies":[{"embeddable":true,"href":"http:\/\/heimatverein.he-webpack.de\/index.php?rest_route=%2Fwp%2Fv2%2Fcomments&post=5863"}],"version-history":[{"count":27,"href":"http:\/\/heimatverein.he-webpack.de\/index.php?rest_route=\/wp\/v2\/posts\/5863\/revisions"}],"predecessor-version":[{"id":5866,"href":"http:\/\/heimatverein.he-webpack.de\/index.php?rest_route=\/wp\/v2\/posts\/5863\/revisions\/5866"}],"wp:attachment":[{"href":"http:\/\/heimatverein.he-webpack.de\/index.php?rest_route=%2Fwp%2Fv2%2Fmedia&parent=5863"}],"wp:term":[{"taxonomy":"category","embeddable":true,"href":"http:\/\/heimatverein.he-webpack.de\/index.php?rest_route=%2Fwp%2Fv2%2Fcategories&post=5863"},{"taxonomy":"post_tag","embeddable":true,"href":"http:\/\/heimatverein.he-webpack.de\/index.php?rest_route=%2Fwp%2Fv2%2Ftags&post=5863"}],"curies":[{"name":"wp","href":"https:\/\/api.w.org\/{rel}","templated":true}]}}