{"id":5851,"date":"2016-04-13T08:10:57","date_gmt":"2016-04-13T06:10:57","guid":{"rendered":"http:\/\/heimatverein.he-webpack.de\/?p=5851"},"modified":"2016-04-13T08:20:08","modified_gmt":"2016-04-13T06:20:08","slug":"freundschaftsbaum","status":"publish","type":"post","link":"http:\/\/heimatverein.he-webpack.de\/?p=5851","title":{"rendered":"Freundschaftsbaum"},"content":{"rendered":"<p><div id=\"attachment_5852\" style=\"width: 210px\" class=\"wp-caption alignleft\"><a href=\"http:\/\/heimatverein.he-webpack.de\/wp-content\/uploads\/2016\/04\/Freundschaftsb1200.jpg\" rel=\"attachment wp-att-5852\" rel=\"lightbox[5851]\"><img loading=\"lazy\" decoding=\"async\" aria-describedby=\"caption-attachment-5852\" src=\"http:\/\/heimatverein.he-webpack.de\/wp-content\/uploads\/2016\/04\/Freundschaftsb1200-200x150.jpg\" alt=\"SONY DSC\" width=\"200\" height=\"150\" class=\"size-thumbnail wp-image-5852\" \/><\/a><p id=\"caption-attachment-5852\" class=\"wp-caption-text\">Afghanisch-Deutscher Freundschaftsbaum<\/p><\/div>12.04.2016 UB &#8211; Um den Helfern einmal \u201eDankesch\u00f6n\u201c zu sagen, organisierten die in G\u00e4stehaus B\u00f6rger untergebrachten ca. 30 Asylanten aus Afghanistan <strong>ein Dankesessen<\/strong>, sie kochten (mit Unterst\u00fctzung) f\u00fcr die Helfer aus B\u00f6rger. Vorher wurde aber noch ein Erinnerungsbaum geplanzt. Fl\u00fcchtlingsbetreuer Hermann Schmitz begr\u00fc\u00dfte dabei alle Anwesenden und konnte feststellen, dass deutsch\/afghanische Beziehungen schon lange bis weit in das 19. oder sogar 18. Jahrhundert zur\u00fcck reichen und oft noch Bestand haben. <\/p>\n<p>Die beiden Afghanischen Kontaktleute in B\u00f6rger bedankten sich ausdr\u00fccklich herzlich, namentlich bei ihren deutschen Helfern und der Bev\u00f6lkerung, in gebrochenem Deutsch und in Englisch f\u00fcr die Aufnahme im G\u00e4stehaus. Fl\u00fcchtlingsbeauftragter der Samtgemeinde Johannes Brachem \u00fcbersetzte die englischen Gru\u00dfworte ins Deutsche. Danach wurde eine deutsche Eiche gesetzt. Auf dem Bild sieht man den Fl\u00fcchtlingsbetreuer Hermann Schmitz (mit Schaufel) und Helfer (rechts im Hintergrund) inmitten der Fl\u00fcchtlingsgruppe. Foto:UB<\/p>\n","protected":false},"excerpt":{"rendered":"<p><p id=\"caption-attachment-5852\" class=\"wp-caption-text\">Afghanisch-Deutscher Freundschaftsbaum<\/p>\n<p>12.04.2016 UB &#8211; Um den Helfern einmal \u201eDankesch\u00f6n\u201c zu sagen, organisierten die in G\u00e4stehaus B\u00f6rger untergebrachten ca. 30 Asylanten aus Afghanistan ein Dankesessen, sie kochten (mit Unterst\u00fctzung) f\u00fcr die Helfer aus B\u00f6rger. Vorher wurde aber noch ein Erinnerungsbaum geplanzt. Fl\u00fcchtlingsbetreuer Hermann Schmitz begr\u00fc\u00dfte dabei alle Anwesenden und konnte feststellen, dass deutsch\/afghanische Beziehungen [&#8230;]<\/p>\n","protected":false},"author":2,"featured_media":0,"comment_status":"closed","ping_status":"open","sticky":false,"template":"","format":"standard","meta":{"ngg_post_thumbnail":0,"footnotes":""},"categories":[3],"tags":[],"class_list":["post-5851","post","type-post","status-publish","format-standard","hentry","category-neuigkeiten","odd"],"_links":{"self":[{"href":"http:\/\/heimatverein.he-webpack.de\/index.php?rest_route=\/wp\/v2\/posts\/5851","targetHints":{"allow":["GET"]}}],"collection":[{"href":"http:\/\/heimatverein.he-webpack.de\/index.php?rest_route=\/wp\/v2\/posts"}],"about":[{"href":"http:\/\/heimatverein.he-webpack.de\/index.php?rest_route=\/wp\/v2\/types\/post"}],"author":[{"embeddable":true,"href":"http:\/\/heimatverein.he-webpack.de\/index.php?rest_route=\/wp\/v2\/users\/2"}],"replies":[{"embeddable":true,"href":"http:\/\/heimatverein.he-webpack.de\/index.php?rest_route=%2Fwp%2Fv2%2Fcomments&post=5851"}],"version-history":[{"count":9,"href":"http:\/\/heimatverein.he-webpack.de\/index.php?rest_route=\/wp\/v2\/posts\/5851\/revisions"}],"predecessor-version":[{"id":5854,"href":"http:\/\/heimatverein.he-webpack.de\/index.php?rest_route=\/wp\/v2\/posts\/5851\/revisions\/5854"}],"wp:attachment":[{"href":"http:\/\/heimatverein.he-webpack.de\/index.php?rest_route=%2Fwp%2Fv2%2Fmedia&parent=5851"}],"wp:term":[{"taxonomy":"category","embeddable":true,"href":"http:\/\/heimatverein.he-webpack.de\/index.php?rest_route=%2Fwp%2Fv2%2Fcategories&post=5851"},{"taxonomy":"post_tag","embeddable":true,"href":"http:\/\/heimatverein.he-webpack.de\/index.php?rest_route=%2Fwp%2Fv2%2Ftags&post=5851"}],"curies":[{"name":"wp","href":"https:\/\/api.w.org\/{rel}","templated":true}]}}