{"id":5819,"date":"2016-04-08T23:43:27","date_gmt":"2016-04-08T21:43:27","guid":{"rendered":"http:\/\/heimatverein.he-webpack.de\/?p=5819"},"modified":"2016-04-19T09:05:57","modified_gmt":"2016-04-19T07:05:57","slug":"der-6-grosse-preis-von-boerger","status":"publish","type":"post","link":"http:\/\/heimatverein.he-webpack.de\/?p=5819","title":{"rendered":"Der 6. Gro\u00dfe Preis von B\u00f6rger"},"content":{"rendered":"<p><a href=\"http:\/\/heimatverein.he-webpack.de\/wp-content\/uploads\/2016\/04\/GrPreis2016.jpg\" rel=\"attachment wp-att-5821\" rel=\"lightbox[5819]\"><img loading=\"lazy\" decoding=\"async\" src=\"http:\/\/heimatverein.he-webpack.de\/wp-content\/uploads\/2016\/04\/GrPreis2016-200x150.jpg\" alt=\"GrPreis2016\" width=\"200\" height=\"150\" class=\"alignright size-thumbnail wp-image-5821\" \/><\/a>08.04.2016 UB &#8211; Bei bestem Fr\u00fchlingssonnenwetter starteten in diesem Jahr insgesamt 735 Fahrer aus Deutschland, D\u00e4nemark, Niederlande und Schweden beim B\u00f6rger Stra\u00dfenrennen am 03. April 2016. Die Gemeinde B\u00f6rger, die KFD und die Feuerwehr aus B\u00f6rger und Spahnharrenst\u00e4tte sorgten zusammen mit den Organisatoren f\u00fcr einen reibungslosen Ablauf. Die Zuschauerkulisse war beachtlich. Nachbarn der Neub\u00f6rgerstra\u00dfe genossen diesen Tag an der Stra\u00dfe gemeinschaftlich.<\/p>\n<p>Schon Tags zuvor waren viele der Aktiven mit Wohnwagen und Wohnmobile angereist und ruhten sich in B\u00f6rger in der Nacht vor dem Rennen noch aus, bevor man Sonntags in die Pedale trat. Dieses Rennen ist der Auftakt der Saison des Radsportbezirks Niedersachsen. Der Rundkurs f\u00fchrt von der Neub\u00f6rgerstra\u00dfe in B\u00f6rger \u00fcber die Landstra\u00dfe 51 in Richtung Neub\u00f6rger, bis hinter den Westerberg und dann links durch das Binnewegesmoor, \u00fcber den Westerberg und Taiskampsmoor zum Nordkamp und wieder zur Neub\u00f6rgerstra\u00dfe in B\u00f6rger, insgesamt 13,6 Kilometer. Diese Strecke ist mehrfach, je nach Altersklasse oder Status (Klasseneinteilung) zu fahren gewesen.<\/p>\n","protected":false},"excerpt":{"rendered":"<p>08.04.2016 UB &#8211; Bei bestem Fr\u00fchlingssonnenwetter starteten in diesem Jahr insgesamt 735 Fahrer aus Deutschland, D\u00e4nemark, Niederlande und Schweden beim B\u00f6rger Stra\u00dfenrennen am 03. April 2016. Die Gemeinde B\u00f6rger, die KFD und die Feuerwehr aus B\u00f6rger und Spahnharrenst\u00e4tte sorgten zusammen mit den Organisatoren f\u00fcr einen reibungslosen Ablauf. Die Zuschauerkulisse war beachtlich. Nachbarn der Neub\u00f6rgerstra\u00dfe genossen [&#8230;]<\/p>\n","protected":false},"author":2,"featured_media":0,"comment_status":"closed","ping_status":"open","sticky":false,"template":"","format":"standard","meta":{"ngg_post_thumbnail":0,"footnotes":""},"categories":[3],"tags":[],"class_list":["post-5819","post","type-post","status-publish","format-standard","hentry","category-neuigkeiten","odd"],"_links":{"self":[{"href":"http:\/\/heimatverein.he-webpack.de\/index.php?rest_route=\/wp\/v2\/posts\/5819","targetHints":{"allow":["GET"]}}],"collection":[{"href":"http:\/\/heimatverein.he-webpack.de\/index.php?rest_route=\/wp\/v2\/posts"}],"about":[{"href":"http:\/\/heimatverein.he-webpack.de\/index.php?rest_route=\/wp\/v2\/types\/post"}],"author":[{"embeddable":true,"href":"http:\/\/heimatverein.he-webpack.de\/index.php?rest_route=\/wp\/v2\/users\/2"}],"replies":[{"embeddable":true,"href":"http:\/\/heimatverein.he-webpack.de\/index.php?rest_route=%2Fwp%2Fv2%2Fcomments&post=5819"}],"version-history":[{"count":8,"href":"http:\/\/heimatverein.he-webpack.de\/index.php?rest_route=\/wp\/v2\/posts\/5819\/revisions"}],"predecessor-version":[{"id":5878,"href":"http:\/\/heimatverein.he-webpack.de\/index.php?rest_route=\/wp\/v2\/posts\/5819\/revisions\/5878"}],"wp:attachment":[{"href":"http:\/\/heimatverein.he-webpack.de\/index.php?rest_route=%2Fwp%2Fv2%2Fmedia&parent=5819"}],"wp:term":[{"taxonomy":"category","embeddable":true,"href":"http:\/\/heimatverein.he-webpack.de\/index.php?rest_route=%2Fwp%2Fv2%2Fcategories&post=5819"},{"taxonomy":"post_tag","embeddable":true,"href":"http:\/\/heimatverein.he-webpack.de\/index.php?rest_route=%2Fwp%2Fv2%2Ftags&post=5819"}],"curies":[{"name":"wp","href":"https:\/\/api.w.org\/{rel}","templated":true}]}}