{"id":5788,"date":"2016-04-01T23:07:08","date_gmt":"2016-04-01T21:07:08","guid":{"rendered":"http:\/\/heimatverein.he-webpack.de\/?p=5788"},"modified":"2016-04-09T08:51:16","modified_gmt":"2016-04-09T06:51:16","slug":"osterfeuer-in-boerger-2016","status":"publish","type":"post","link":"http:\/\/heimatverein.he-webpack.de\/?p=5788","title":{"rendered":"Osterfeuer 2016"},"content":{"rendered":"<p><div id=\"attachment_5791\" style=\"width: 310px\" class=\"wp-caption alignleft\"><a href=\"http:\/\/heimatverein.he-webpack.de\/wp-content\/uploads\/2016\/04\/Osterfeuer-Darkproj.jpg\" rel=\"attachment wp-att-5791\" rel=\"lightbox[5788]\"><img loading=\"lazy\" decoding=\"async\" aria-describedby=\"caption-attachment-5791\" src=\"http:\/\/heimatverein.he-webpack.de\/wp-content\/uploads\/2016\/04\/Osterfeuer-Darkproj-300x187.jpg\" alt=\"Osterfeuer B\u00f6rger 2016\" width=\"300\" height=\"187\" class=\"size-medium wp-image-5791\" srcset=\"http:\/\/heimatverein.he-webpack.de\/wp-content\/uploads\/2016\/04\/Osterfeuer-Darkproj-300x187.jpg 300w, http:\/\/heimatverein.he-webpack.de\/wp-content\/uploads\/2016\/04\/Osterfeuer-Darkproj-768x480.jpg 768w, http:\/\/heimatverein.he-webpack.de\/wp-content\/uploads\/2016\/04\/Osterfeuer-Darkproj-1024x640.jpg 1024w, http:\/\/heimatverein.he-webpack.de\/wp-content\/uploads\/2016\/04\/Osterfeuer-Darkproj-150x94.jpg 150w, http:\/\/heimatverein.he-webpack.de\/wp-content\/uploads\/2016\/04\/Osterfeuer-Darkproj-400x250.jpg 400w, http:\/\/heimatverein.he-webpack.de\/wp-content\/uploads\/2016\/04\/Osterfeuer-Darkproj.jpg 1149w\" sizes=\"auto, (max-width: 300px) 100vw, 300px\" \/><\/a><p id=\"caption-attachment-5791\" class=\"wp-caption-text\">Osterfeuer B\u00f6rger 2016<\/p><\/div>02.04.2016 UB &#8211; Auf dem Sch\u00fctzenplatz wurde, unter Mitwirkung der Gemeinde, der SV Eintracht und der Feuerwehr beim traditionellen Osterpokalturnier am  Ostersonntag, den 27.03.2016, das Osterfeuer abgebrannt. Zahlreiche G\u00e4ste des Ortspokalturniers und Schaulustige waren bei bestem Fr\u00fchlingswetter dabei, als die Feuerwehr das Osterfeuer 2016 kurz nach 18.00 Uhr entz\u00fcndete. Nach alter Tradition will man damit den Fr\u00fchling herbeizurufen. Und auch die Natur gesellte sich mit einem sch\u00f6nen Regenbogen zu den Schaulustigen und bot <strong>erste Fr\u00fchlingsboten<\/strong>.<br \/>\n<div id=\"attachment_5794\" style=\"width: 210px\" class=\"wp-caption alignright\"><a href=\"http:\/\/heimatverein.he-webpack.de\/wp-content\/uploads\/2016\/04\/FF-B\u00f6rger-Oster-2016.jpg\" rel=\"attachment wp-att-5794\"><img loading=\"lazy\" decoding=\"async\" aria-describedby=\"caption-attachment-5794\" src=\"http:\/\/heimatverein.he-webpack.de\/wp-content\/uploads\/2016\/04\/FF-B\u00f6rger-Oster-2016-200x150.jpg\" alt=\"Brandsicherheitswache am Osterfeuer 2016\" width=\"200\" height=\"150\" class=\"size-thumbnail wp-image-5794\" \/><\/a><p id=\"caption-attachment-5794\" class=\"wp-caption-text\">Brandsicherheitswache am Osterfeuer 2016<\/p><\/div><br \/>\nUnter den wachsamen Augen der Feuerwehrf\u00fchrung brannte das Osterfeuer kontrolliert ab. Die Wehrleute, mit Gemeindebrandmeister Heinz L\u00fcckenjans (li) sowie Ortsbrandmeister Martin Kronabel (2.v.re) und Ortsbrandmeister-Stellvertreter Daniel Sebers (2. v.li) sowie Hans M\u00fcller (re) und Daniel Hahn (mitte), hatten die Lage im Griff<\/p>\n<p>Als weltliche Volkssitte ist das Osterfeuer seit 1559 bezeugt. Den Fr\u00fchling mit Feuer zu begr\u00fc\u00dfen ist in verschiedenen alten Traditionen (Bikefuer, Wagenr\u00e4der rollen u. u.) noch usus. Es gibt aber auch eine kirchliche Tradition. Zum Beginn der Liturgie der Osternacht in der kath. Kirche wird ein Feuer entfacht, das Osterfeuer. Nachdem sich die Gemeinde um das Osterfeuer versammelt hat, entz\u00fcndet der Priester am Feuer die Osterkerze. Die brennende Kerze versinnbildlicht dabei Christus als Licht der Welt.<\/p>\n","protected":false},"excerpt":{"rendered":"<p><p id=\"caption-attachment-5791\" class=\"wp-caption-text\">Osterfeuer B\u00f6rger 2016<\/p>\n<p>02.04.2016 UB &#8211; Auf dem Sch\u00fctzenplatz wurde, unter Mitwirkung der Gemeinde, der SV Eintracht und der Feuerwehr beim traditionellen Osterpokalturnier am Ostersonntag, den 27.03.2016, das Osterfeuer abgebrannt. Zahlreiche G\u00e4ste des Ortspokalturniers und Schaulustige waren bei bestem Fr\u00fchlingswetter dabei, als die Feuerwehr das Osterfeuer 2016 kurz nach 18.00 Uhr entz\u00fcndete. Nach alter [&#8230;]<\/p>\n","protected":false},"author":2,"featured_media":0,"comment_status":"closed","ping_status":"open","sticky":false,"template":"","format":"standard","meta":{"ngg_post_thumbnail":0,"footnotes":""},"categories":[3],"tags":[],"class_list":["post-5788","post","type-post","status-publish","format-standard","hentry","category-neuigkeiten","odd"],"_links":{"self":[{"href":"http:\/\/heimatverein.he-webpack.de\/index.php?rest_route=\/wp\/v2\/posts\/5788","targetHints":{"allow":["GET"]}}],"collection":[{"href":"http:\/\/heimatverein.he-webpack.de\/index.php?rest_route=\/wp\/v2\/posts"}],"about":[{"href":"http:\/\/heimatverein.he-webpack.de\/index.php?rest_route=\/wp\/v2\/types\/post"}],"author":[{"embeddable":true,"href":"http:\/\/heimatverein.he-webpack.de\/index.php?rest_route=\/wp\/v2\/users\/2"}],"replies":[{"embeddable":true,"href":"http:\/\/heimatverein.he-webpack.de\/index.php?rest_route=%2Fwp%2Fv2%2Fcomments&post=5788"}],"version-history":[{"count":17,"href":"http:\/\/heimatverein.he-webpack.de\/index.php?rest_route=\/wp\/v2\/posts\/5788\/revisions"}],"predecessor-version":[{"id":5793,"href":"http:\/\/heimatverein.he-webpack.de\/index.php?rest_route=\/wp\/v2\/posts\/5788\/revisions\/5793"}],"wp:attachment":[{"href":"http:\/\/heimatverein.he-webpack.de\/index.php?rest_route=%2Fwp%2Fv2%2Fmedia&parent=5788"}],"wp:term":[{"taxonomy":"category","embeddable":true,"href":"http:\/\/heimatverein.he-webpack.de\/index.php?rest_route=%2Fwp%2Fv2%2Fcategories&post=5788"},{"taxonomy":"post_tag","embeddable":true,"href":"http:\/\/heimatverein.he-webpack.de\/index.php?rest_route=%2Fwp%2Fv2%2Ftags&post=5788"}],"curies":[{"name":"wp","href":"https:\/\/api.w.org\/{rel}","templated":true}]}}