{"id":5752,"date":"2016-03-29T00:11:33","date_gmt":"2016-03-28T22:11:33","guid":{"rendered":"http:\/\/heimatverein.he-webpack.de\/?p=5752"},"modified":"2017-04-11T00:01:39","modified_gmt":"2017-04-10T22:01:39","slug":"harm-schandarm-mit-tueddel-up-n-naesen","status":"publish","type":"post","link":"http:\/\/heimatverein.he-webpack.de\/?p=5752","title":{"rendered":"Hermannstreffen am 07. April"},"content":{"rendered":"<p><a href=\"http:\/\/heimatverein.he-webpack.de\/wp-content\/uploads\/2016\/03\/HermTreffen16.jpg\" rel=\"attachment wp-att-5817\" rel=\"lightbox[5752]\"><img loading=\"lazy\" decoding=\"async\" src=\"http:\/\/heimatverein.he-webpack.de\/wp-content\/uploads\/2016\/03\/HermTreffen16-200x150.jpg\" alt=\"HermTreffen16\" width=\"200\" height=\"150\" class=\"alignleft size-thumbnail wp-image-5817\" \/><\/a>08.04.2016 UB &#8211; In einer geselligen Runde trafen sich die Herm\u00e4nner wieder bei &#8222;Kl\u00fctt&#8220; und begingen den Namenstag mit einer kleinen Feier. 18 Namenstr\u00e4ger waren in diesem Jahr dabei, (19 M\u00e4nner in 2014, 23 waren im Jahre 2013 dabei) \u2013 In B\u00f6rger wohnen und leben Anfang 2015 noch 103 M\u00e4nner, Jugendliche und Kinder mit dem Vornamen Hermann. Dabei sind es wohl etwa 75, die den Namen als Hauptnamen und dann 28 weitere, die ihn als Zweitnamen f\u00fchren. In der Rangliste der h\u00e4ufigsten Namen ist er ganz oben in der Reihenfolge der h\u00e4ufigsten Namen in B\u00f6rger. Nach alter katholischer Ordnung war der 07. April der Namenstag des Heiligen Hermann. <\/p>\n<p>Das hat sich vor Jahrzehnten schon ge\u00e4ndert. Wir bleiben in B\u00f6rger traditionell und \u201efeiern\u201c nach alter Tradition am 07. April unseren Namenstag. Hermann war im Jahr 1891 der meistvergebene Jungenname in Deutschland und hielt sich bis in die 1910er Jahre unter den zehn am h\u00e4ufigst gegebenen Namen. Seine Beliebtheit ging dann zun\u00e4chst langsam, nach dem II. Weltkrieg st\u00e4rker zur\u00fcck, seit den 1980er Jahren wird er gar selten. <\/p>\n<p>Wir haben in B\u00f6rger seit einigen Jahren wieder ein <strong>&#8222;Hermann-Treffen&#8220;<\/strong> und wollen diese Tradition, die schon vor 20 Jahren kurz Bestand hatte und genau wie das Ulrichtreffen unterging, nach beachtenswerten Anf\u00e4ngen in den letzten Jahren aufleben lassen. Sponsoren f\u00fcr unser Treffen sind da, auch f\u00fcr das n\u00e4chste Jahr am 07. April 2017. Angeregt wurde in diesem Jahr unter Anderem, das man in naher Zukunft einen Tagesausflug zum Hermanndenkmal unternehmen k\u00f6nnte. 2018 ist das Datum 07. April auf einem Wochenende.<\/p>\n","protected":false},"excerpt":{"rendered":"<p>08.04.2016 UB &#8211; In einer geselligen Runde trafen sich die Herm\u00e4nner wieder bei &#8222;Kl\u00fctt&#8220; und begingen den Namenstag mit einer kleinen Feier. 18 Namenstr\u00e4ger waren in diesem Jahr dabei, (19 M\u00e4nner in 2014, 23 waren im Jahre 2013 dabei) \u2013 In B\u00f6rger wohnen und leben Anfang 2015 noch 103 M\u00e4nner, Jugendliche und Kinder mit dem [&#8230;]<\/p>\n","protected":false},"author":2,"featured_media":0,"comment_status":"closed","ping_status":"open","sticky":false,"template":"","format":"standard","meta":{"ngg_post_thumbnail":0,"footnotes":""},"categories":[3],"tags":[],"class_list":["post-5752","post","type-post","status-publish","format-standard","hentry","category-neuigkeiten","odd"],"_links":{"self":[{"href":"http:\/\/heimatverein.he-webpack.de\/index.php?rest_route=\/wp\/v2\/posts\/5752","targetHints":{"allow":["GET"]}}],"collection":[{"href":"http:\/\/heimatverein.he-webpack.de\/index.php?rest_route=\/wp\/v2\/posts"}],"about":[{"href":"http:\/\/heimatverein.he-webpack.de\/index.php?rest_route=\/wp\/v2\/types\/post"}],"author":[{"embeddable":true,"href":"http:\/\/heimatverein.he-webpack.de\/index.php?rest_route=\/wp\/v2\/users\/2"}],"replies":[{"embeddable":true,"href":"http:\/\/heimatverein.he-webpack.de\/index.php?rest_route=%2Fwp%2Fv2%2Fcomments&post=5752"}],"version-history":[{"count":33,"href":"http:\/\/heimatverein.he-webpack.de\/index.php?rest_route=\/wp\/v2\/posts\/5752\/revisions"}],"predecessor-version":[{"id":7003,"href":"http:\/\/heimatverein.he-webpack.de\/index.php?rest_route=\/wp\/v2\/posts\/5752\/revisions\/7003"}],"wp:attachment":[{"href":"http:\/\/heimatverein.he-webpack.de\/index.php?rest_route=%2Fwp%2Fv2%2Fmedia&parent=5752"}],"wp:term":[{"taxonomy":"category","embeddable":true,"href":"http:\/\/heimatverein.he-webpack.de\/index.php?rest_route=%2Fwp%2Fv2%2Fcategories&post=5752"},{"taxonomy":"post_tag","embeddable":true,"href":"http:\/\/heimatverein.he-webpack.de\/index.php?rest_route=%2Fwp%2Fv2%2Ftags&post=5752"}],"curies":[{"name":"wp","href":"https:\/\/api.w.org\/{rel}","templated":true}]}}