{"id":5718,"date":"2016-03-15T23:51:49","date_gmt":"2016-03-15T22:51:49","guid":{"rendered":"http:\/\/heimatverein.he-webpack.de\/?p=5718"},"modified":"2016-04-01T22:22:56","modified_gmt":"2016-04-01T20:22:56","slug":"und-nun-ist-es-passiert","status":"publish","type":"post","link":"http:\/\/heimatverein.he-webpack.de\/?p=5718","title":{"rendered":"Und nun ist es passiert &#8230;."},"content":{"rendered":"<p><div id=\"attachment_559\" style=\"width: 160px\" class=\"wp-caption alignleft\"><a href=\"http:\/\/heimatverein.he-webpack.de\/wp-content\/uploads\/2009\/10\/Kirche_Seitenb_01.jpg\" rel=\"attachment wp-att-559\" rel=\"lightbox[5718]\"><img loading=\"lazy\" decoding=\"async\" aria-describedby=\"caption-attachment-559\" src=\"http:\/\/heimatverein.he-webpack.de\/wp-content\/uploads\/2009\/10\/Kirche_Seitenb_01-150x150.jpg\" alt=\"Wir hier in B\u00f6rger\" width=\"150\" height=\"150\" class=\"size-thumbnail wp-image-559\" \/><\/a><p id=\"caption-attachment-559\" class=\"wp-caption-text\">Wir hier in B\u00f6rger<\/p><\/div>15.03.2016 UB &#8211; Im Vorfeld der Mitgliederversammlung teilte uns der Zweite Vorsitzende des Heimatverein B\u00f6rger e. V. mit, das er aus beruflichen Gr\u00fcnden das Amt im Vorstand des Heimatverein B\u00f6rger nicht mehr ausf\u00fcllen kann. Diese Situation entstand im letzten Jahr. Deshalb stellt er sich jetzt nicht mehr zur Wahl. Wohlwollende Bitten seitens des Vorstandes halfen auch nichts. Eindeutig erkl\u00e4rte Gerd, das er diesen Schritt bedauere, aber an seine Gesundheit denken m\u00fcsse, und deshalb den Posten freigebe. &#8212; Schade &#8212;<br \/>\nGerd T\u00f6bben hat in den Jahren viel f\u00fcr uns geleistet. Ohne ihn w\u00e4ren wir bei beim Bau der Zehntscheune gescheitert. Er hat viele Vereinsmitglieder und Helfer geworben und Mittel mit eingebracht. Wir wollen ihn eigentlich nicht sang- und klanglos gehen lassen &#8230; Er ist, so sieht es die Vereinssatzung vor, so lange offiziell im Amt bis ein Nachfolger gew\u00e4hlt ist.<\/p>\n","protected":false},"excerpt":{"rendered":"<p><p id=\"caption-attachment-559\" class=\"wp-caption-text\">Wir hier in B\u00f6rger<\/p>\n<p>15.03.2016 UB &#8211; Im Vorfeld der Mitgliederversammlung teilte uns der Zweite Vorsitzende des Heimatverein B\u00f6rger e. V. mit, das er aus beruflichen Gr\u00fcnden das Amt im Vorstand des Heimatverein B\u00f6rger nicht mehr ausf\u00fcllen kann. Diese Situation entstand im letzten Jahr. Deshalb stellt er sich jetzt nicht mehr zur Wahl. Wohlwollende [&#8230;]<\/p>\n","protected":false},"author":2,"featured_media":0,"comment_status":"closed","ping_status":"open","sticky":false,"template":"","format":"standard","meta":{"ngg_post_thumbnail":0,"footnotes":""},"categories":[3],"tags":[],"class_list":["post-5718","post","type-post","status-publish","format-standard","hentry","category-neuigkeiten","odd"],"_links":{"self":[{"href":"http:\/\/heimatverein.he-webpack.de\/index.php?rest_route=\/wp\/v2\/posts\/5718","targetHints":{"allow":["GET"]}}],"collection":[{"href":"http:\/\/heimatverein.he-webpack.de\/index.php?rest_route=\/wp\/v2\/posts"}],"about":[{"href":"http:\/\/heimatverein.he-webpack.de\/index.php?rest_route=\/wp\/v2\/types\/post"}],"author":[{"embeddable":true,"href":"http:\/\/heimatverein.he-webpack.de\/index.php?rest_route=\/wp\/v2\/users\/2"}],"replies":[{"embeddable":true,"href":"http:\/\/heimatverein.he-webpack.de\/index.php?rest_route=%2Fwp%2Fv2%2Fcomments&post=5718"}],"version-history":[{"count":6,"href":"http:\/\/heimatverein.he-webpack.de\/index.php?rest_route=\/wp\/v2\/posts\/5718\/revisions"}],"predecessor-version":[{"id":5787,"href":"http:\/\/heimatverein.he-webpack.de\/index.php?rest_route=\/wp\/v2\/posts\/5718\/revisions\/5787"}],"wp:attachment":[{"href":"http:\/\/heimatverein.he-webpack.de\/index.php?rest_route=%2Fwp%2Fv2%2Fmedia&parent=5718"}],"wp:term":[{"taxonomy":"category","embeddable":true,"href":"http:\/\/heimatverein.he-webpack.de\/index.php?rest_route=%2Fwp%2Fv2%2Fcategories&post=5718"},{"taxonomy":"post_tag","embeddable":true,"href":"http:\/\/heimatverein.he-webpack.de\/index.php?rest_route=%2Fwp%2Fv2%2Ftags&post=5718"}],"curies":[{"name":"wp","href":"https:\/\/api.w.org\/{rel}","templated":true}]}}