{"id":5666,"date":"2016-02-17T08:40:55","date_gmt":"2016-02-17T07:40:55","guid":{"rendered":"http:\/\/heimatverein.he-webpack.de\/?p=5666"},"modified":"2016-04-01T22:01:48","modified_gmt":"2016-04-01T20:01:48","slug":"plattproater-cafe-im-heimathaus","status":"publish","type":"post","link":"http:\/\/heimatverein.he-webpack.de\/?p=5666","title":{"rendered":"Kaffeetafel &#8211; jeden zweiten Sonntag im Monat"},"content":{"rendered":"<p><a href=\"http:\/\/heimatverein.he-webpack.de\/wp-content\/uploads\/2015\/12\/Walkem\u00fcllerhaus.jpg\" rel=\"attachment wp-att-5233\"><img loading=\"lazy\" decoding=\"async\" src=\"http:\/\/heimatverein.he-webpack.de\/wp-content\/uploads\/2015\/12\/Walkem\u00fcllerhaus-200x150.jpg\" alt=\"Walkem\u00fcllerhaus Heimathaus B\u00f6rger\" width=\"200\" height=\"150\" class=\"alignright size-thumbnail wp-image-5233\" \/><\/a>18.02.2016 UB \u2013 Das Heimathaus B\u00f6rger ist am <strong>13. M\u00e4rz von 14.30 Uhr bis 17.00 Uhr zum Plattproater-Cafe ge\u00f6ffnet<\/strong> Bei der Kaffeetafel wird <a href=\"http:\/\/heimatverein.he-webpack.de\/?page_id=986\">Plattd\u00fctsk<\/a> gesprochen \u2013 bi usen Verein proate wi Platt (un wi prote oak d\u00fctsk, wen man kien plattd\u00fctsk kann). An dej tweiden Sanndage in de Moante is namidages von 14.30 Uhr toau 17.00 Uhr dat Heimathus, &#8222;dat Walkem\u00fcllerhus&#8220; open (jeden 2. Sonntag im Monat ist von 14.30 &#8211; 17.00 Uhr ge\u00f6ffnet). <\/p>\n<p>Up use B\u00e4ld (Foto UB) is dat Hus toau saein. Dit S\u00e4chsische Mitteldielen-Zweist\u00e4nderhaus (H\u00fcmmlinger Oart) is over lange Tied dat Woahn- und Arbeitshus van den Borger Walkem\u00fcller, dej as H\u00fcrmann bi M\u00fcllers up\u00b4n Busk (Borgerm\u00fchle) arbeitede, waehn. Dat Hus was an\u00b4t verfallen, as man dat Hus midde dej 1980er up M\u00fcllers-Hoff offbaude un hier up \u00b4n Riegen as Heimathus waer upbaude, un so erhollen haff. Over dej groote Falld\u00f6re is noch toau l\u00e4sen, wunner et baut is, un well dat Hus h\u00f6rde. <strong>O-Gott-beware-dis-Haus-so-bleibt-das-ungl\u00fcck-daraus- Hermann M\u00fcller un Anna M\u00fcllers &#8211; Anno 1751 den 30. M\u00e4rz<\/strong>.K\u00e4genover van dat Walkem\u00fcller-Hus is dej Baustelle van use Teindsch\u00fcre (Zehntscheune). Wenn dit tweide Geb\u00e4ude mal fattig is, s\u00f6ll et use &#8222;Heimatkundliche Sammlung&#8220;, dat Heimatarchiv, Arbeitsrueme un Utstellung un ne &#8222;\u00f6ffentliche Toilettenanlage&#8220; upn\u00e4hmen. Dann b\u00fcnnt f\u00f6r\u00b4t erste dej Platzprobleme bi us v\u00f6rbi un dej Gemeinde krigg ne St\u00e4e, woar se s\u00fcck doarstellen k\u00f6nnt.<\/p>\n","protected":false},"excerpt":{"rendered":"<p>18.02.2016 UB \u2013 Das Heimathaus B\u00f6rger ist am 13. M\u00e4rz von 14.30 Uhr bis 17.00 Uhr zum Plattproater-Cafe ge\u00f6ffnet Bei der Kaffeetafel wird Plattd\u00fctsk gesprochen \u2013 bi usen Verein proate wi Platt (un wi prote oak d\u00fctsk, wen man kien plattd\u00fctsk kann). An dej tweiden Sanndage in de Moante is namidages von 14.30 Uhr toau [&#8230;]<\/p>\n","protected":false},"author":2,"featured_media":0,"comment_status":"closed","ping_status":"open","sticky":false,"template":"","format":"standard","meta":{"ngg_post_thumbnail":0,"footnotes":""},"categories":[3],"tags":[],"class_list":["post-5666","post","type-post","status-publish","format-standard","hentry","category-neuigkeiten","odd"],"_links":{"self":[{"href":"http:\/\/heimatverein.he-webpack.de\/index.php?rest_route=\/wp\/v2\/posts\/5666","targetHints":{"allow":["GET"]}}],"collection":[{"href":"http:\/\/heimatverein.he-webpack.de\/index.php?rest_route=\/wp\/v2\/posts"}],"about":[{"href":"http:\/\/heimatverein.he-webpack.de\/index.php?rest_route=\/wp\/v2\/types\/post"}],"author":[{"embeddable":true,"href":"http:\/\/heimatverein.he-webpack.de\/index.php?rest_route=\/wp\/v2\/users\/2"}],"replies":[{"embeddable":true,"href":"http:\/\/heimatverein.he-webpack.de\/index.php?rest_route=%2Fwp%2Fv2%2Fcomments&post=5666"}],"version-history":[{"count":13,"href":"http:\/\/heimatverein.he-webpack.de\/index.php?rest_route=\/wp\/v2\/posts\/5666\/revisions"}],"predecessor-version":[{"id":5669,"href":"http:\/\/heimatverein.he-webpack.de\/index.php?rest_route=\/wp\/v2\/posts\/5666\/revisions\/5669"}],"wp:attachment":[{"href":"http:\/\/heimatverein.he-webpack.de\/index.php?rest_route=%2Fwp%2Fv2%2Fmedia&parent=5666"}],"wp:term":[{"taxonomy":"category","embeddable":true,"href":"http:\/\/heimatverein.he-webpack.de\/index.php?rest_route=%2Fwp%2Fv2%2Fcategories&post=5666"},{"taxonomy":"post_tag","embeddable":true,"href":"http:\/\/heimatverein.he-webpack.de\/index.php?rest_route=%2Fwp%2Fv2%2Ftags&post=5666"}],"curies":[{"name":"wp","href":"https:\/\/api.w.org\/{rel}","templated":true}]}}