{"id":5628,"date":"2016-02-12T09:15:37","date_gmt":"2016-02-12T08:15:37","guid":{"rendered":"http:\/\/heimatverein.he-webpack.de\/?p=5628"},"modified":"2016-04-01T21:38:46","modified_gmt":"2016-04-01T19:38:46","slug":"v-o-r-s-c-h-a-u-rosche-tour-mit-der-kornkoenigin","status":"publish","type":"post","link":"http:\/\/heimatverein.he-webpack.de\/?p=5628","title":{"rendered":"V o r s c h a u  &#8211;  Rosche Tour mit der Kornk\u00f6nigin"},"content":{"rendered":"<p><div id=\"attachment_5747\" style=\"width: 210px\" class=\"wp-caption alignleft\"><a href=\"http:\/\/heimatverein.he-webpack.de\/wp-content\/uploads\/2016\/02\/Kornk\u00f6nigin-Johanna.jpg\" rel=\"attachment wp-att-5747\"><img loading=\"lazy\" decoding=\"async\" aria-describedby=\"caption-attachment-5747\" src=\"http:\/\/heimatverein.he-webpack.de\/wp-content\/uploads\/2016\/02\/Kornk\u00f6nigin-Johanna-200x150.jpg\" alt=\"Johanna L\u00fcbbers, B\u00f6rger Deutsche Kornk\u00f6nigin \" width=\"200\" height=\"150\" class=\"size-thumbnail wp-image-5747\" \/><\/a><p id=\"caption-attachment-5747\" class=\"wp-caption-text\">Johanna L\u00fcbbers, B\u00f6rger<br \/>Deutsche Kornk\u00f6nigin<\/p><\/div>12.02.2016 UB &#8211; Im Sommer 2016, am Fr. den 29. Juli, wird die Rosche-Korn-Tour \u00fcber den H\u00fcmmling gehen. Erste Planungen zu dieser Radwandertour mit ca. 500  bis 600 Teilnehmern sind in Arbeit. Der Heimatverein B\u00f6rger unterst\u00fctzt diese Veranstaltung. Wir haben f\u00fcr kurze Zeit die Emsl\u00e4ndische Kornk\u00f6nigin Johanna L\u00fcbbers vom Riegen in unseren Reihen und ich denke, <strong>das B\u00f6rger in diesem Jahr der Startpunkt sein mu\u00df<\/strong>. Sammlungsort f\u00fcr die Teilnehmer ist dann wohl, wenn die Gemeinde mitspielt, der Heimathof B\u00f6rger. Von hier aus werden dann bei kurzen Stipvisiten einige Sehensw\u00fcrdigkeiten vorgestellt und die Gemeinde kann sich einbringen. Danach geht es um ca. 14.00 Uhr per Drahtesel los. \u00dcber einige (u.a. H\u00fcvener M\u00fchle) wird es dann nach Hasel\u00fcnne gehen. Die Gemeinde, der Heimatverein und andere Vereine (einige haben schon ihre Hilfe zugesagt) sollten helfen, damit diese Veranstaltung das Image B\u00f6rgers hebt. Wir wollen die Weidenkirche, den B\u00f6rger Brinkring mt Heimathof, mit der Kirche und wenn es m\u00f6glich ist, dem Jagdhaus vorstellen. Unterst\u00fctzt wird diese Aktion auch durch die Fremdenverkehrsverb\u00e4nde. Informationen kann man auf den Seiten der <a href=\"http:\/\/www.korn-koenigin.de\/\">Kornk\u00f6nigin<\/a> finden.<\/p>\n","protected":false},"excerpt":{"rendered":"<p><p id=\"caption-attachment-5747\" class=\"wp-caption-text\">Johanna L\u00fcbbers, B\u00f6rgerDeutsche Kornk\u00f6nigin<\/p>\n<p>12.02.2016 UB &#8211; Im Sommer 2016, am Fr. den 29. Juli, wird die Rosche-Korn-Tour \u00fcber den H\u00fcmmling gehen. Erste Planungen zu dieser Radwandertour mit ca. 500 bis 600 Teilnehmern sind in Arbeit. Der Heimatverein B\u00f6rger unterst\u00fctzt diese Veranstaltung. Wir haben f\u00fcr kurze Zeit die Emsl\u00e4ndische Kornk\u00f6nigin Johanna L\u00fcbbers vom Riegen [&#8230;]<\/p>\n","protected":false},"author":2,"featured_media":0,"comment_status":"closed","ping_status":"open","sticky":false,"template":"","format":"standard","meta":{"ngg_post_thumbnail":0,"footnotes":""},"categories":[3],"tags":[],"class_list":["post-5628","post","type-post","status-publish","format-standard","hentry","category-neuigkeiten","odd"],"_links":{"self":[{"href":"http:\/\/heimatverein.he-webpack.de\/index.php?rest_route=\/wp\/v2\/posts\/5628","targetHints":{"allow":["GET"]}}],"collection":[{"href":"http:\/\/heimatverein.he-webpack.de\/index.php?rest_route=\/wp\/v2\/posts"}],"about":[{"href":"http:\/\/heimatverein.he-webpack.de\/index.php?rest_route=\/wp\/v2\/types\/post"}],"author":[{"embeddable":true,"href":"http:\/\/heimatverein.he-webpack.de\/index.php?rest_route=\/wp\/v2\/users\/2"}],"replies":[{"embeddable":true,"href":"http:\/\/heimatverein.he-webpack.de\/index.php?rest_route=%2Fwp%2Fv2%2Fcomments&post=5628"}],"version-history":[{"count":17,"href":"http:\/\/heimatverein.he-webpack.de\/index.php?rest_route=\/wp\/v2\/posts\/5628\/revisions"}],"predecessor-version":[{"id":5744,"href":"http:\/\/heimatverein.he-webpack.de\/index.php?rest_route=\/wp\/v2\/posts\/5628\/revisions\/5744"}],"wp:attachment":[{"href":"http:\/\/heimatverein.he-webpack.de\/index.php?rest_route=%2Fwp%2Fv2%2Fmedia&parent=5628"}],"wp:term":[{"taxonomy":"category","embeddable":true,"href":"http:\/\/heimatverein.he-webpack.de\/index.php?rest_route=%2Fwp%2Fv2%2Fcategories&post=5628"},{"taxonomy":"post_tag","embeddable":true,"href":"http:\/\/heimatverein.he-webpack.de\/index.php?rest_route=%2Fwp%2Fv2%2Ftags&post=5628"}],"curies":[{"name":"wp","href":"https:\/\/api.w.org\/{rel}","templated":true}]}}