{"id":5592,"date":"2016-01-27T14:29:45","date_gmt":"2016-01-27T13:29:45","guid":{"rendered":"http:\/\/heimatverein.he-webpack.de\/?p=5592"},"modified":"2016-03-03T08:58:48","modified_gmt":"2016-03-03T07:58:48","slug":"holocaust-gedenktag","status":"publish","type":"post","link":"http:\/\/heimatverein.he-webpack.de\/?p=5592","title":{"rendered":"Holocaust &#8211; Gedenktag mit Moorsoldatenlied"},"content":{"rendered":"<p><a href=\"http:\/\/heimatverein.he-webpack.de\/wp-content\/uploads\/2016\/01\/KZ-B\u00f6rgermoor.jpg\" rel=\"attachment wp-att-5612\"><img loading=\"lazy\" decoding=\"async\" src=\"http:\/\/heimatverein.he-webpack.de\/wp-content\/uploads\/2016\/01\/KZ-B\u00f6rgermoor-300x225.jpg\" alt=\"KZ B\u00f6rgermoor\" width=\"300\" height=\"225\" class=\"alignright size-medium wp-image-5612\" srcset=\"http:\/\/heimatverein.he-webpack.de\/wp-content\/uploads\/2016\/01\/KZ-B\u00f6rgermoor-300x225.jpg 300w, http:\/\/heimatverein.he-webpack.de\/wp-content\/uploads\/2016\/01\/KZ-B\u00f6rgermoor-200x150.jpg 200w, http:\/\/heimatverein.he-webpack.de\/wp-content\/uploads\/2016\/01\/KZ-B\u00f6rgermoor-768x576.jpg 768w, http:\/\/heimatverein.he-webpack.de\/wp-content\/uploads\/2016\/01\/KZ-B\u00f6rgermoor-1024x768.jpg 1024w, http:\/\/heimatverein.he-webpack.de\/wp-content\/uploads\/2016\/01\/KZ-B\u00f6rgermoor-150x113.jpg 150w, http:\/\/heimatverein.he-webpack.de\/wp-content\/uploads\/2016\/01\/KZ-B\u00f6rgermoor-400x300.jpg 400w, http:\/\/heimatverein.he-webpack.de\/wp-content\/uploads\/2016\/01\/KZ-B\u00f6rgermoor.jpg 1200w\" sizes=\"auto, (max-width: 300px) 100vw, 300px\" \/><\/a>27.01.2016 UB &#8211; Auschwitz war die gr\u00f6\u00dfte Menschenvernichtungsanlage aller Zeiten. Auschwitz ist der furchtbarste und abartigste Name den die deutsche Geschichte kennt. Heute vor 71 Jahren wurde das Vernichtungslager von russischen Soldaten befreit. Seit 20 Jahren begeht Deutschland am 27. Januar den Holocaust-Gedenktag. Bei der heutigen Gedenkveranstaltung im Deutschen Bundestag mit den politischen Spitzen des Staates, sprach die ehemalige Strafgefangene Ruth Kl\u00fcger. Deutschland habe sich von einem schlimmen Unrechtsstaat des NS-Zeit in den Jahren zu einem vorbildlichem Gemeinwesen entwickelt. Sie lobt die heutige Fl\u00fcchtlingspolitik Deutschlands. Im Anschlu\u00df trat der RIAS Kammerchor auf und sang das<a href=\"http:\/\/heimatverein.he-webpack.de\/?page_id=3963\"> &#8222;Moorsoldatenlied&#8220;<\/a>, das 1933 in B\u00f6rger, im damaligen Lager B\u00f6rgermoor (einer der ersten Internierungslager der NS-Zeit) entstanden ist. <\/p>\n<p>Dieses Lied ging und geht in vielen Sprachen \u00fcbersetzt um die Welt. Texter des Liedes waren der inhaftierte Bergmann Johann Esser und der Schauspieler und Regisseur Wolfgang Langhoff, die Musik stammt von dem kaufm\u00e4nnischen Angestellten Rudi Goguel. Das Lied wurde am 27. August 1933 bei einer Veranstaltung namens Zirkus Konzentrazani von 16 H\u00e4ftlingen, \u00fcberwiegend ehemaligen Mitgliedern des Solinger Arbeitergesangvereins im B\u00f6rger Kortenmoor, im KZ am K\u00fcstenkanal aufgef\u00fchrt.\u00dcber ehemalige Zwangsinternierte und auch Wachmannschaften gelangte das Lied in die \u00d6ffentlichkeit und wurde zum Mythos.<\/p>\n<blockquote><p><strong>Geplante Termine des Heimatverein B\u00f6rger, f\u00fcr das Jahr 2016<\/strong><\/p>\n<p>13. M\u00e4rz 2016 So. 14.30 Uhr Heimathaus Plattproater Cafe<br \/>\n20. M\u00e4rz 2016 So. 15.00 Uhr Mitgliederversammlung des HV &#8211; HH<br \/>\n10. April 2016 So. 14.30 Uhr Heimathaus Plattproater Cafe<br \/>\n08. Mai 2016 So. 14.30 Uhr Heimathaus Plattproater Cafe<br \/>\n12. Juni 2016 So. 14.30 Uhr Heimathaus Plattproater Cafe<br \/>\n10. Juli 2016 So. 14.30 Uhr Heimathaus Plattproater  Cafe<br \/>\n14. Aug. 2016 So. 14.30 Uhr Heimathaus Plattproater Cafe<br \/>\n04. Sept. 2016 Ausflug des Heimatverein (Tagesfahrt ab Kirche)<br \/>\n11. Sept. 2016 So. 14.30 Uhr Heimathaus Plattproater Cafe<br \/>\n09. Okt. 2016 So. 14.30 Uhr Heimathaus Plattproater Cafe<br \/>\n13. Nov. 2016 So. 14.30 Uhr Heimathaus Plattproater Cafe<br \/>\n26. Nov. 2016 Sa. 20 Uhr Gr\u00fcnkohlessen und Vorstellg Use Borger &#8211; HH<br \/>\n11. Dez. 2016 So. 14.30 Uhr Heimathaus Plattproater Cafe<\/p><\/blockquote>\n","protected":false},"excerpt":{"rendered":"<p>27.01.2016 UB &#8211; Auschwitz war die gr\u00f6\u00dfte Menschenvernichtungsanlage aller Zeiten. Auschwitz ist der furchtbarste und abartigste Name den die deutsche Geschichte kennt. Heute vor 71 Jahren wurde das Vernichtungslager von russischen Soldaten befreit. Seit 20 Jahren begeht Deutschland am 27. Januar den Holocaust-Gedenktag. Bei der heutigen Gedenkveranstaltung im Deutschen Bundestag mit den politischen Spitzen des [&#8230;]<\/p>\n","protected":false},"author":2,"featured_media":0,"comment_status":"closed","ping_status":"open","sticky":false,"template":"","format":"standard","meta":{"ngg_post_thumbnail":0,"footnotes":""},"categories":[3],"tags":[],"class_list":["post-5592","post","type-post","status-publish","format-standard","hentry","category-neuigkeiten","odd"],"_links":{"self":[{"href":"http:\/\/heimatverein.he-webpack.de\/index.php?rest_route=\/wp\/v2\/posts\/5592","targetHints":{"allow":["GET"]}}],"collection":[{"href":"http:\/\/heimatverein.he-webpack.de\/index.php?rest_route=\/wp\/v2\/posts"}],"about":[{"href":"http:\/\/heimatverein.he-webpack.de\/index.php?rest_route=\/wp\/v2\/types\/post"}],"author":[{"embeddable":true,"href":"http:\/\/heimatverein.he-webpack.de\/index.php?rest_route=\/wp\/v2\/users\/2"}],"replies":[{"embeddable":true,"href":"http:\/\/heimatverein.he-webpack.de\/index.php?rest_route=%2Fwp%2Fv2%2Fcomments&post=5592"}],"version-history":[{"count":24,"href":"http:\/\/heimatverein.he-webpack.de\/index.php?rest_route=\/wp\/v2\/posts\/5592\/revisions"}],"predecessor-version":[{"id":5596,"href":"http:\/\/heimatverein.he-webpack.de\/index.php?rest_route=\/wp\/v2\/posts\/5592\/revisions\/5596"}],"wp:attachment":[{"href":"http:\/\/heimatverein.he-webpack.de\/index.php?rest_route=%2Fwp%2Fv2%2Fmedia&parent=5592"}],"wp:term":[{"taxonomy":"category","embeddable":true,"href":"http:\/\/heimatverein.he-webpack.de\/index.php?rest_route=%2Fwp%2Fv2%2Fcategories&post=5592"},{"taxonomy":"post_tag","embeddable":true,"href":"http:\/\/heimatverein.he-webpack.de\/index.php?rest_route=%2Fwp%2Fv2%2Ftags&post=5592"}],"curies":[{"name":"wp","href":"https:\/\/api.w.org\/{rel}","templated":true}]}}