{"id":3303,"date":"2013-12-01T15:07:33","date_gmt":"2013-12-01T14:07:33","guid":{"rendered":"http:\/\/heimatverein.he-webpack.de\/?p=3303"},"modified":"2013-12-22T09:20:52","modified_gmt":"2013-12-22T08:20:52","slug":"use-borger-2013-auf-dem-markt","status":"publish","type":"post","link":"http:\/\/heimatverein.he-webpack.de\/?p=3303","title":{"rendered":"Use Borger 2013 auf dem Markt"},"content":{"rendered":"<p><div id=\"attachment_3304\" style=\"width: 210px\" class=\"wp-caption alignright\"><a href=\"http:\/\/heimatverein.he-webpack.de\/wp-content\/uploads\/2013\/12\/Use-Borger-1200px.jpg\" rel=\"lightbox[3303]\"><img loading=\"lazy\" decoding=\"async\" aria-describedby=\"caption-attachment-3304\" src=\"http:\/\/heimatverein.he-webpack.de\/wp-content\/uploads\/2013\/12\/Use-Borger-1200px-200x150.jpg\" alt=\"B\u00fcrgermeister, Past\u00f6re, Autoren und Helfer stellten sich vor dem Weihnachtsbaum zu einem Foto\" title=\"Foto: ana - Anna Kr\u00f6ger\" width=\"200\" height=\"150\" class=\"size-thumbnail wp-image-3304\" \/><\/a><p id=\"caption-attachment-3304\" class=\"wp-caption-text\">B\u00fcrgermeister, Past\u00f6re, Autoren und Helfer stellten sich vor dem Weihnachtsbaum zu einem Foto auf - Foto: Anna Kr\u00f6ger<\/p><\/div>01.12.2013 UB &#8211; Es ist schon Tradition, dass der Heimatverein am Samstag vor dem 1. Advent ins Heimathaus zum Gr\u00fcnkohlessen einl\u00e4dt und seine Jahresschrift vorstellt. Im weihnachtlich klasse geschm\u00fcckten Heimathaus konnte Vereinsvorsitzender Hermann Schmitz gestern eine illustere Schar von G\u00e4sten begr\u00fc\u00dfen. Zu Beginn der Veranstaltung unterhielt eine Gruppe Schulkinder mit Block- und Querfl\u00f6te begleitet von einer Lehrerin der Musikschule die G\u00e4ste und stimmte auf die kommende Weihnachtszeit ein. <\/p>\n<p>Bernd Gebkenjans, Hermann Ubbenjans und Reinhard Rolfes stellten dann, nach dem Essen die neue Jahresschrift des Arbeitskreises Geschichte vor. In diesem Jahr gibt es drei Hauptthemen im ersten Teil und den obligatorischen Aktuellen Teil. Hans Geers (li auf dem Bild) und Reinhard Rolfes (5. v. li.) berichten detailgenau \u00fcber die Entstehung und die Entwicklung der Erikasiedlung in B\u00f6rger und beleuchten in diesem Zusammenhang das Wirken von \u201eSchnieders Willy\u201c und  Herm. Engbers \u201eEmges Mester\u201c, die ma\u00dfgeblich am Aufbau dieser Siedlung beteiligt waren. Im Anschlu\u00df beleuchtet man in Artikelnachtr\u00e4gen die Namensproblematik Enbers\/Schomakers und die Weiterentwicklung der Siedlungsgebiete. Bernd Gebkenjans (6. v. li.) hat sich mit dem Leben auf dem Lande unter der \u00dcberschrift \u201eLandlust \u2013 Flucht in die Idylle\u201c besch\u00e4ftigt. In dem 50seitigen Artikel beleutet er die verschiedenen Arbeiten auf dem Hof nach dem II. Weltkrieg und das Leben in und mit der Landwirtschaft heute. Ein Teil behandelt die moderne Forstwirtschaft die Milchwirtschaft und der Landbau. Hierbei halfen ihm viele in diesem Bereich t\u00e4tige Mitb\u00fcrger unter andern F\u00f6rster Bj\u00f6rn Wicks (4. v. re), Franz Josef M\u00f6ring (2. v. re.), und Hermann W\u00f6ste (3. v. li.). In einem dritten Teil wird in Plattd\u00fcsk das Geschehen bei einer Bauernhochzeit in den 1950er Jahren dargestellt. Diese Beschreibung stammt von Johann Hermann Ubbenjans sen., Jg 1920. Illustriert ist dieser Artikel mit einem Foto einer Doppelhochzeit bei \u201eS\u00e4bsine\u201c im Juni 1949. Sch\u00f6ne Bilder von Maria Helmers und Konrad Federhofer sowie Gedichte von Nikolaus Rolfes und Helena Ubbenjans runden den Ersten Teil ab. Im Zweiten Teil berichten die Autoren von aktuellen Ereignissen aus dem Berichtsjahr. Hier berichtet Jan Bernd M\u00fcller (3. v. re.) \u00fcber verschiedene Vereine und Hermann Ubbenjans (2. v. li.) u. a. \u00fcber das Jubil\u00e4um des Heimatvereins B\u00f6rger. Hubert Westerhoff und besonders Hermann Plaggenborg (nicht auf dem Bild) wowie Pastor Santel arbeiteten hier ebenfalls aktiv mit.<\/p>\n<p>Hermann Schmitz (6. v. li.) \u00fcberreichte die ersten Exemplare an den B\u00fcrgermeister Hans Schwarz (auf dem Foto re.) und an Pastor Mathias Vo\u00df (4. v. li.) sowie Pfarrer Karl Heinz Santel (5. v. re.) Die Jahresschrift ist bei den bekannten Verkaufsstellen in B\u00f6rger (Volksbank, OLB, Lebensmittel Funke, Blumen Oldiges, Getr\u00e4nkemarkt Klaas, Winzerei T\u00f6bben, Buten &#038; Binnen und bei der Hobbyscheune f\u00fcr 17,00 Euro erh\u00e4ltlich. Infos \u00fcber die Schriften (aller Ausgaben) sind im Internet unter <a href=\"http:\/\/www.use-borger.de\">www.use-borger.de<\/a> zu bekommen.<\/p>\n","protected":false},"excerpt":{"rendered":"<p><p id=\"caption-attachment-3304\" class=\"wp-caption-text\">B\u00fcrgermeister, Past\u00f6re, Autoren und Helfer stellten sich vor dem Weihnachtsbaum zu einem Foto auf &#8211; Foto: Anna Kr\u00f6ger<\/p>\n<p>01.12.2013 UB &#8211; Es ist schon Tradition, dass der Heimatverein am Samstag vor dem 1. Advent ins Heimathaus zum Gr\u00fcnkohlessen einl\u00e4dt und seine Jahresschrift vorstellt. Im weihnachtlich klasse geschm\u00fcckten Heimathaus konnte Vereinsvorsitzender Hermann Schmitz gestern eine [&#8230;]<\/p>\n","protected":false},"author":2,"featured_media":0,"comment_status":"closed","ping_status":"open","sticky":false,"template":"","format":"standard","meta":{"ngg_post_thumbnail":0,"footnotes":""},"categories":[3],"tags":[],"class_list":["post-3303","post","type-post","status-publish","format-standard","hentry","category-neuigkeiten","odd"],"_links":{"self":[{"href":"http:\/\/heimatverein.he-webpack.de\/index.php?rest_route=\/wp\/v2\/posts\/3303","targetHints":{"allow":["GET"]}}],"collection":[{"href":"http:\/\/heimatverein.he-webpack.de\/index.php?rest_route=\/wp\/v2\/posts"}],"about":[{"href":"http:\/\/heimatverein.he-webpack.de\/index.php?rest_route=\/wp\/v2\/types\/post"}],"author":[{"embeddable":true,"href":"http:\/\/heimatverein.he-webpack.de\/index.php?rest_route=\/wp\/v2\/users\/2"}],"replies":[{"embeddable":true,"href":"http:\/\/heimatverein.he-webpack.de\/index.php?rest_route=%2Fwp%2Fv2%2Fcomments&post=3303"}],"version-history":[{"count":13,"href":"http:\/\/heimatverein.he-webpack.de\/index.php?rest_route=\/wp\/v2\/posts\/3303\/revisions"}],"predecessor-version":[{"id":3306,"href":"http:\/\/heimatverein.he-webpack.de\/index.php?rest_route=\/wp\/v2\/posts\/3303\/revisions\/3306"}],"wp:attachment":[{"href":"http:\/\/heimatverein.he-webpack.de\/index.php?rest_route=%2Fwp%2Fv2%2Fmedia&parent=3303"}],"wp:term":[{"taxonomy":"category","embeddable":true,"href":"http:\/\/heimatverein.he-webpack.de\/index.php?rest_route=%2Fwp%2Fv2%2Fcategories&post=3303"},{"taxonomy":"post_tag","embeddable":true,"href":"http:\/\/heimatverein.he-webpack.de\/index.php?rest_route=%2Fwp%2Fv2%2Ftags&post=3303"}],"curies":[{"name":"wp","href":"https:\/\/api.w.org\/{rel}","templated":true}]}}