{"id":3278,"date":"2013-11-17T12:27:24","date_gmt":"2013-11-17T11:27:24","guid":{"rendered":"http:\/\/heimatverein.he-webpack.de\/?p=3278"},"modified":"2013-11-25T04:03:44","modified_gmt":"2013-11-25T03:03:44","slug":"arbeiten-fur-den-frieden","status":"publish","type":"post","link":"http:\/\/heimatverein.he-webpack.de\/?p=3278","title":{"rendered":"Arbeiten f\u00fcr den Frieden"},"content":{"rendered":"<p><a href=\"http:\/\/heimatverein.he-webpack.de\/wp-content\/uploads\/2013\/11\/Volkstrauertrag-2013-Anspr1200.jpg\" rel=\"lightbox[3278]\"><img loading=\"lazy\" decoding=\"async\" src=\"http:\/\/heimatverein.he-webpack.de\/wp-content\/uploads\/2013\/11\/Volkstrauertrag-2013-Anspr1200-200x150.jpg\" alt=\"Volkstrauertrag 2013 Anspr1200\" title=\"Volkstrauertrag 2013 Anspr1200\" width=\"200\" height=\"150\" class=\"alignleft size-thumbnail wp-image-3279\" srcset=\"http:\/\/heimatverein.he-webpack.de\/wp-content\/uploads\/2013\/11\/Volkstrauertrag-2013-Anspr1200-200x150.jpg 200w, http:\/\/heimatverein.he-webpack.de\/wp-content\/uploads\/2013\/11\/Volkstrauertrag-2013-Anspr1200-300x226.jpg 300w, http:\/\/heimatverein.he-webpack.de\/wp-content\/uploads\/2013\/11\/Volkstrauertrag-2013-Anspr1200-1024x773.jpg 1024w, http:\/\/heimatverein.he-webpack.de\/wp-content\/uploads\/2013\/11\/Volkstrauertrag-2013-Anspr1200.jpg 1200w\" sizes=\"auto, (max-width: 200px) 100vw, 200px\" \/><\/a>17.11.2013 UB &#8211; In unserer Zeit ist st\u00e4ndiges Arbeiten am Frieden in allen Bereichen des Lebens wichtiger denn je. Ob es der Friede unter den Ehepartnern, mit den Kindern in der Familie ist oder der Friede in der Nachbarschaft oder in der Gemeinde ist, man mu\u00df st\u00e4ndig am Frieden arbeiten. Josef Westendorf vom F\u00f6rderverein Hauptschule B\u00f6rger wies in seiner Ansprache zum Volkstrauertag am 17.11.2013 darauf hin, das auch in unserer Zeit, wo wir in Mitteleuropa keine Kriege unter den V\u00f6lkern mehr kennen, das Arbeiten f\u00fcr den Frieden sehr wichtig ist. Die Vergangenheit der beiden letzten Weltkriege sollte hier, vor dem Kriegerehrenmal in B\u00f6rger, Mahnung und Erinnerung sein. Den Frieden ist kein Selbstl\u00e4ufer, man mu\u00df st\u00e4ndig daran arbeiten. Er erinnerte an den Ersten Weltkrieg, bei dem 10 Mio Menschen starben und an den Zweiten Weltkrieg wo 60 Mio Menschen ihr Leben lie\u00dfen. Es sei sehr wichtig, dass Friedensarbeit geleistet wird. Besonders bei Naturkatastrophen wie momentan auf den Phillipinen, aber auch der Aufbau von Ordnungs- und Polizeieinheiten in L\u00e4ndern wie Afghanistan oder Somalia und anderen Krisenl\u00e4ndern. Friedens- und humanit\u00e4re Hilfe ist eine staatliche Aufgabe. Die ganze Gesellschaft mu\u00df dahintersehen. Aber auch die Arbeit am Inneren Frieden in Deutschland sei wichtig. <\/p>\n<p>Begr\u00fc\u00dft wurden die in diesem Jahr zahlreichen Gemeindemitglieder zu Beginn der Veranstaltung von B\u00fcrgermeister Hans Schwarz. Die Freiwillige Feuerwehr B\u00f6rger legte mit musikalischer Begleitung durch die H\u00fcmmlinger Musikanten (Ich hatte einen Kameraden &#8230;) den obligatorischen Kranz nieder. Pastor Tebben betete mit der Gemeinde f\u00fcr den Frieden. Zum Abschlu\u00df der Veranstaltung war die deutsche Nationalhymne zu h\u00f6ren.<\/p>\n","protected":false},"excerpt":{"rendered":"<p>17.11.2013 UB &#8211; In unserer Zeit ist st\u00e4ndiges Arbeiten am Frieden in allen Bereichen des Lebens wichtiger denn je. Ob es der Friede unter den Ehepartnern, mit den Kindern in der Familie ist oder der Friede in der Nachbarschaft oder in der Gemeinde ist, man mu\u00df st\u00e4ndig am Frieden arbeiten. Josef Westendorf vom F\u00f6rderverein Hauptschule [&#8230;]<\/p>\n","protected":false},"author":2,"featured_media":0,"comment_status":"closed","ping_status":"open","sticky":false,"template":"","format":"standard","meta":{"ngg_post_thumbnail":0,"footnotes":""},"categories":[3],"tags":[],"class_list":["post-3278","post","type-post","status-publish","format-standard","hentry","category-neuigkeiten","odd"],"_links":{"self":[{"href":"http:\/\/heimatverein.he-webpack.de\/index.php?rest_route=\/wp\/v2\/posts\/3278","targetHints":{"allow":["GET"]}}],"collection":[{"href":"http:\/\/heimatverein.he-webpack.de\/index.php?rest_route=\/wp\/v2\/posts"}],"about":[{"href":"http:\/\/heimatverein.he-webpack.de\/index.php?rest_route=\/wp\/v2\/types\/post"}],"author":[{"embeddable":true,"href":"http:\/\/heimatverein.he-webpack.de\/index.php?rest_route=\/wp\/v2\/users\/2"}],"replies":[{"embeddable":true,"href":"http:\/\/heimatverein.he-webpack.de\/index.php?rest_route=%2Fwp%2Fv2%2Fcomments&post=3278"}],"version-history":[{"count":12,"href":"http:\/\/heimatverein.he-webpack.de\/index.php?rest_route=\/wp\/v2\/posts\/3278\/revisions"}],"predecessor-version":[{"id":3281,"href":"http:\/\/heimatverein.he-webpack.de\/index.php?rest_route=\/wp\/v2\/posts\/3278\/revisions\/3281"}],"wp:attachment":[{"href":"http:\/\/heimatverein.he-webpack.de\/index.php?rest_route=%2Fwp%2Fv2%2Fmedia&parent=3278"}],"wp:term":[{"taxonomy":"category","embeddable":true,"href":"http:\/\/heimatverein.he-webpack.de\/index.php?rest_route=%2Fwp%2Fv2%2Fcategories&post=3278"},{"taxonomy":"post_tag","embeddable":true,"href":"http:\/\/heimatverein.he-webpack.de\/index.php?rest_route=%2Fwp%2Fv2%2Ftags&post=3278"}],"curies":[{"name":"wp","href":"https:\/\/api.w.org\/{rel}","templated":true}]}}