{"id":3250,"date":"2013-10-31T10:40:44","date_gmt":"2013-10-31T09:40:44","guid":{"rendered":"http:\/\/heimatverein.he-webpack.de\/?p=3250"},"modified":"2013-12-24T16:33:03","modified_gmt":"2013-12-24T15:33:03","slug":"gedanken-zum-volkstrauertag-im-november","status":"publish","type":"post","link":"http:\/\/heimatverein.he-webpack.de\/?p=3250","title":{"rendered":"Gedanken zum Volkstrauertag im November"},"content":{"rendered":"<p><a href=\"http:\/\/heimatverein.he-webpack.de\/wp-content\/uploads\/2013\/10\/Volkstrauertag-Kranz.jpg\" rel=\"lightbox[3250]\"><img loading=\"lazy\" decoding=\"async\" src=\"http:\/\/heimatverein.he-webpack.de\/wp-content\/uploads\/2013\/10\/Volkstrauertag-Kranz-200x150.jpg\" alt=\"Volkstrauertag Kranz\" title=\"Volkstrauertag Kranz\" width=\"200\" height=\"150\" class=\"alignright size-thumbnail wp-image-3256\" \/><\/a>01.11.2013 UB &#8211; Wie in jedem Jahr, werden wir auch in diesem Jahr wieder der Toten von Kriegshandlungen gedenken. Der F\u00f6rderverein &#8222;Hauptschule&#8220; und die Feuerwehr haben es f\u00fcr 2013 \u00fcbernommen. Hermann Schmitz hat zum Volkstrauertag 2012 daran erinnert, das Totengedenken ein Gedenken an Einzelschicksale ist. Das Kriegerdenkmal ist in B\u00f6rger das sichtbares Zeichen. Hier sind Einzelpersonen benannt.<\/p>\n<p><a href=\"http:\/\/heimatverein.he-webpack.de\/?page_id=3244\">Totengedenken 2012<\/a><\/p>\n","protected":false},"excerpt":{"rendered":"<p>01.11.2013 UB &#8211; Wie in jedem Jahr, werden wir auch in diesem Jahr wieder der Toten von Kriegshandlungen gedenken. Der F\u00f6rderverein &#8222;Hauptschule&#8220; und die Feuerwehr haben es f\u00fcr 2013 \u00fcbernommen. Hermann Schmitz hat zum Volkstrauertag 2012 daran erinnert, das Totengedenken ein Gedenken an Einzelschicksale ist. Das Kriegerdenkmal ist in B\u00f6rger das sichtbares Zeichen. Hier sind [&#8230;]<\/p>\n","protected":false},"author":2,"featured_media":0,"comment_status":"closed","ping_status":"open","sticky":false,"template":"","format":"standard","meta":{"ngg_post_thumbnail":0,"footnotes":""},"categories":[3],"tags":[],"class_list":["post-3250","post","type-post","status-publish","format-standard","hentry","category-neuigkeiten","odd"],"_links":{"self":[{"href":"http:\/\/heimatverein.he-webpack.de\/index.php?rest_route=\/wp\/v2\/posts\/3250","targetHints":{"allow":["GET"]}}],"collection":[{"href":"http:\/\/heimatverein.he-webpack.de\/index.php?rest_route=\/wp\/v2\/posts"}],"about":[{"href":"http:\/\/heimatverein.he-webpack.de\/index.php?rest_route=\/wp\/v2\/types\/post"}],"author":[{"embeddable":true,"href":"http:\/\/heimatverein.he-webpack.de\/index.php?rest_route=\/wp\/v2\/users\/2"}],"replies":[{"embeddable":true,"href":"http:\/\/heimatverein.he-webpack.de\/index.php?rest_route=%2Fwp%2Fv2%2Fcomments&post=3250"}],"version-history":[{"count":7,"href":"http:\/\/heimatverein.he-webpack.de\/index.php?rest_route=\/wp\/v2\/posts\/3250\/revisions"}],"predecessor-version":[{"id":3253,"href":"http:\/\/heimatverein.he-webpack.de\/index.php?rest_route=\/wp\/v2\/posts\/3250\/revisions\/3253"}],"wp:attachment":[{"href":"http:\/\/heimatverein.he-webpack.de\/index.php?rest_route=%2Fwp%2Fv2%2Fmedia&parent=3250"}],"wp:term":[{"taxonomy":"category","embeddable":true,"href":"http:\/\/heimatverein.he-webpack.de\/index.php?rest_route=%2Fwp%2Fv2%2Fcategories&post=3250"},{"taxonomy":"post_tag","embeddable":true,"href":"http:\/\/heimatverein.he-webpack.de\/index.php?rest_route=%2Fwp%2Fv2%2Ftags&post=3250"}],"curies":[{"name":"wp","href":"https:\/\/api.w.org\/{rel}","templated":true}]}}