{"id":3200,"date":"2013-10-13T14:07:50","date_gmt":"2013-10-13T12:07:50","guid":{"rendered":"http:\/\/heimatverein.he-webpack.de\/?p=3200"},"modified":"2013-11-03T19:16:21","modified_gmt":"2013-11-03T18:16:21","slug":"25-jahre-tachten-und-volkstanzgruppe","status":"publish","type":"post","link":"http:\/\/heimatverein.he-webpack.de\/?p=3200","title":{"rendered":"25 Jahre Tachten- und Volkstanzgruppe"},"content":{"rendered":"<p><div id=\"attachment_3237\" style=\"width: 310px\" class=\"wp-caption alignleft\"><a href=\"http:\/\/heimatverein.he-webpack.de\/wp-content\/uploads\/2013\/10\/Ehrung-Tanzgruppe.jpg\" rel=\"lightbox[3200]\"><img loading=\"lazy\" decoding=\"async\" aria-describedby=\"caption-attachment-3237\" src=\"http:\/\/heimatverein.he-webpack.de\/wp-content\/uploads\/2013\/10\/Ehrung-Tanzgruppe-300x199.jpg\" alt=\"Renate Gerdes (2.v.li.) und Gerda T\u00f6bben erhielten f\u00fcr die Gruppe die Urkunde von Bgm. Schwarz (li.) und Vorsitzender Schmitz (re.) ausgh\u00e4ndigt.\" title=\"Ehrung Tanzgruppe\" width=\"300\" height=\"199\" class=\"size-medium wp-image-3237\" srcset=\"http:\/\/heimatverein.he-webpack.de\/wp-content\/uploads\/2013\/10\/Ehrung-Tanzgruppe-300x199.jpg 300w, http:\/\/heimatverein.he-webpack.de\/wp-content\/uploads\/2013\/10\/Ehrung-Tanzgruppe-1024x680.jpg 1024w, http:\/\/heimatverein.he-webpack.de\/wp-content\/uploads\/2013\/10\/Ehrung-Tanzgruppe.jpg 1200w\" sizes=\"auto, (max-width: 300px) 100vw, 300px\" \/><\/a><p id=\"caption-attachment-3237\" class=\"wp-caption-text\">Renate Gerdes (2.v.li.) und Gerda T\u00f6bben erhielten f\u00fcr die Gruppe die Urkunde von Bgm. Schwarz (li.) und Vorsitzender Schmitz (re.) ausgh\u00e4ndigt.<\/p><\/div>13.10.2013 UB &#8211; Vor nunmehr 25 Jahren formierte sich aus den ersten Mitgliedern des Heimatvereins B\u00f6rger (Gr\u00fcndung im Dez. 1987) eine Gruppe, die sich in einem Arbeitskreis um alte Trachten und den Volkstanz bem\u00fchte. Man schneiderte alte Trachten und \u00fcbte T\u00e4nze ein. Schon im Herbst 1988 hatte man anl\u00e4\u00dflich des 50j\u00e4hrigen Bestehens der B\u00f6rger KLJB den ersten Auftritt und zu Kirmes 1988 trat man vor einem begeisterten gro\u00dfen Publikum auf. Zu dieser Zeit war die Gruppe auf fast 30 Frauen angewachsen. Erste Leiterin und Koreografin war Gerda T\u00f6bben. Sie \u00fcbte T\u00e4nze ein und war hierf\u00fcr mehrfach auf Lehrg\u00e4ngen. <\/p>\n<p>Seit 25 Jahren besteht in diesem Jahr 2013, die Trachten- und Volkstanzgruppe. Wie dr\u00fcckte es der erste Vorsitzende des Heimatverein B\u00f6rger Bene M\u00fcller gerne aus: \u201eDie Volkstanzgruppe ist das Aush\u00e4ngeschild des Heimatvereins B\u00f6rger\u201c. In den langen Jahren bis heute hat diese Gruppe das Kulturleben in vielfacher Weise bereichert. Ob es der Volkstanz bei mehreren Auftritten im Jahr war oder das Herstellen alter Trachten oder ob man einen Maikranz oder einen Erntekranz fertigte immer war diese Gruppe mit Begeisterung dabei. Bis 2011 fertigte man j\u00e4hrlich einen Erntewagen zum Erntedankfest. Die Gruppe war und ist das Aush\u00e4ngeschild und die aktivste Gruppe (w\u00f6chentliche \u00dcbungsabende) in unserem Verein. Nachfolgerin von Gerda T\u00f6bben in der Leitung wurde im M\u00e4rz 2004 Maria Sch\u00fctte. Sie leitete die Gruppe w\u00e4hrend der Feiern \u201e1150 Jahre B\u00f6rger\u201c und f\u00fchrte die intensive Arbeit fort. Die Tanzgruppe vertritt den Heimatverein bei vielen Veranstaltungen und Gelegenheiten mit ihrem \u201eBanner\u201c. Seit dem M\u00e4rz 2005 wird die Gruppierung von Renate Gerdes gef\u00fchrt. Die Tanzgruppe B\u00f6rger tritt seit 2006 in neuen Trachten auf. Diese wurden mit einem Zuschuss der Volksbank Nordh\u00fcmmling vom Heimatverein B\u00f6rger angeschafft. <\/p>\n<p>In einer kleinen Feierstunde am 12.10.2013 im Heimathaus begl\u00fcckw\u00fcnschte der Vorstand des Heimatverein B\u00f6rger diese Gruppe zu ihrem kleinen Jubil\u00e4um. Auch der B\u00fcrgermeister Hans Schwarz nebst Gattin bedankten sich f\u00fcr die Gemeindeverwaltung mit einer Aufmerksamkeit und einem kleinen Flachgeschenk f\u00fcr die langj\u00e4hrige aktive Mitarbeit in Sachen &#8222;Kultur&#8220; f\u00fcr die B\u00f6rger B\u00fcrgerinnen und B\u00fcrger. Er gab der Hoffnung Ausdruck, das diese Gruppe weiterarbeiten wird und Nachwuchs findet.<\/p>\n<p>-Herzlichen Gl\u00fcckwunsch sagen wir noch einmal an dieser Stelle &#8211;<\/p>\n","protected":false},"excerpt":{"rendered":"<p><p id=\"caption-attachment-3237\" class=\"wp-caption-text\">Renate Gerdes (2.v.li.) und Gerda T\u00f6bben erhielten f\u00fcr die Gruppe die Urkunde von Bgm. Schwarz (li.) und Vorsitzender Schmitz (re.) ausgh\u00e4ndigt.<\/p>\n<p>13.10.2013 UB &#8211; Vor nunmehr 25 Jahren formierte sich aus den ersten Mitgliedern des Heimatvereins B\u00f6rger (Gr\u00fcndung im Dez. 1987) eine Gruppe, die sich in einem Arbeitskreis um alte Trachten und den Volkstanz [&#8230;]<\/p>\n","protected":false},"author":2,"featured_media":0,"comment_status":"closed","ping_status":"open","sticky":false,"template":"","format":"standard","meta":{"ngg_post_thumbnail":0,"footnotes":""},"categories":[3],"tags":[],"class_list":["post-3200","post","type-post","status-publish","format-standard","hentry","category-neuigkeiten","odd"],"_links":{"self":[{"href":"http:\/\/heimatverein.he-webpack.de\/index.php?rest_route=\/wp\/v2\/posts\/3200","targetHints":{"allow":["GET"]}}],"collection":[{"href":"http:\/\/heimatverein.he-webpack.de\/index.php?rest_route=\/wp\/v2\/posts"}],"about":[{"href":"http:\/\/heimatverein.he-webpack.de\/index.php?rest_route=\/wp\/v2\/types\/post"}],"author":[{"embeddable":true,"href":"http:\/\/heimatverein.he-webpack.de\/index.php?rest_route=\/wp\/v2\/users\/2"}],"replies":[{"embeddable":true,"href":"http:\/\/heimatverein.he-webpack.de\/index.php?rest_route=%2Fwp%2Fv2%2Fcomments&post=3200"}],"version-history":[{"count":8,"href":"http:\/\/heimatverein.he-webpack.de\/index.php?rest_route=\/wp\/v2\/posts\/3200\/revisions"}],"predecessor-version":[{"id":3203,"href":"http:\/\/heimatverein.he-webpack.de\/index.php?rest_route=\/wp\/v2\/posts\/3200\/revisions\/3203"}],"wp:attachment":[{"href":"http:\/\/heimatverein.he-webpack.de\/index.php?rest_route=%2Fwp%2Fv2%2Fmedia&parent=3200"}],"wp:term":[{"taxonomy":"category","embeddable":true,"href":"http:\/\/heimatverein.he-webpack.de\/index.php?rest_route=%2Fwp%2Fv2%2Fcategories&post=3200"},{"taxonomy":"post_tag","embeddable":true,"href":"http:\/\/heimatverein.he-webpack.de\/index.php?rest_route=%2Fwp%2Fv2%2Ftags&post=3200"}],"curies":[{"name":"wp","href":"https:\/\/api.w.org\/{rel}","templated":true}]}}