{"id":3187,"date":"2013-10-07T10:07:18","date_gmt":"2013-10-07T08:07:18","guid":{"rendered":"http:\/\/heimatverein.he-webpack.de\/?p=3187"},"modified":"2013-11-03T19:14:53","modified_gmt":"2013-11-03T18:14:53","slug":"kaermse-in-borger","status":"publish","type":"post","link":"http:\/\/heimatverein.he-webpack.de\/?p=3187","title":{"rendered":"Kaermse in Borger"},"content":{"rendered":"<p><a href=\"http:\/\/heimatverein.he-webpack.de\/wp-content\/uploads\/2013\/10\/Kirmes-2013-pix.jpg\" rel=\"lightbox[3187]\"><img loading=\"lazy\" decoding=\"async\" src=\"http:\/\/heimatverein.he-webpack.de\/wp-content\/uploads\/2013\/10\/Kirmes-2013-pix-200x150.jpg\" alt=\"Kirmes 2013 - Foto UB\" title=\"Kirmes 2013 - Fotocollage UB\" width=\"200\" height=\"150\" class=\"alignright size-thumbnail wp-image-3188\" \/><\/a>07.10.2013 UB &#8211; Traditionsgem\u00e4\u00df ist seit \u00fcber 150 Jahren, am ersten Wochenende im Oktober <strong>&#8222;de Borger Kaermse<\/strong>&#8222;. Fr\u00fcher, war diese Kirmes wohl 100 Jahre auf dem B\u00f6rger Marktplatz an der Neub\u00f6rgerstra\u00dfe beheimatet. Seit den sp\u00e4ten 1970er Jahren zog man nach einem dorfinternen Streit zum Sch\u00fctzenplatz. Hier findet man die Kirmes nun j\u00e4hrlich am ersten Oktoberwochenende. Die Kirmes ist mit einem Kinderfest am Samstag um 15.00 Uhr er\u00f6ffnet worden. Die Gemeinde gab Fahr- und Naschgutscheine f\u00fcr Schulkinder aus. Abend unterhielt die Gruppe &#8222;Supreme&#8220; die jugendlichen und erwachsenen G\u00e4ste bei einer Fete. Nach einem Dankgottesdienst zu Erntedank am Sonntag um 10.00 Uhr in der St. Jodokuskirche ging es nachmittags auf die Piste. In diesem Jahr beteiligten sich wieder viele Gruppen mit Motivwagen und Marschkolonnen am j\u00e4hrlichen Erntedankumzug, der um 14.00 Uhr startete. Der Zug wurde vom Musikverein Werpeloh und den H\u00fcmmlinger Musikanten musikalisch umrahmt und begleitet. Im Festzelt gab es dann ein Platzkonzert. Mitglieder des Gemeinderates (Fest- bzw. Ehrungsausschu\u00df) hatten dort dann die Aufgabe, die besten Wagen zu pr\u00e4mieren und Ehrungen vorzunehmen. Unter den Motivwagen erhielt die Gruppe &#8222;Kommunionkinder&#8220; den ersten Platz und die Pr\u00e4mie. Als \u00e4lteste Teilnehmer beim Seniorenkaffee wurden Helene Stevens, Osterbrink und Hermann Jansen, Waldstra\u00dfe geehrt. F\u00fcr seine langj\u00e4hrige sehr aktive ehrenamtliche Arbeit bei der Tennisabteilung des DJK Sportvereins B\u00f6rger und in weiteren Vereinen, wurde in diesem Jahr von der Gemeinde Egon Kaschak geehrt. Unser Bild zeigt ihn (re) zusammen mit dem Stellvertretenden B\u00fcrgermeister J\u00fcrgen Ermes (li).), sowie Klaus Fleer (2. v. li) und Robert Klassen vom Ehrungsausschu\u00df. Unten ist der Motivwagen der Kommunionkinder abgebildet. Abend gab es ein Konzept der H\u00fcmmlinger Musikanten im Festzelt. Die Gemeinde gab f\u00fcr die &#8222;fr\u00fchen G\u00e4ste des Abends&#8220; 100 Liter Bier aus. Heute vormittag ab 10.00 Uhr ist Viehmarkt und Tradionstreffen aller B\u00f6rgeraner und Butenb\u00f6rgeraner sowie unsere G\u00e4ste. Wir hoffen noch auf weitere sch\u00f6ne Stunden &#8222;up de Borger Kaermse&#8220;.<\/p>\n","protected":false},"excerpt":{"rendered":"<p>07.10.2013 UB &#8211; Traditionsgem\u00e4\u00df ist seit \u00fcber 150 Jahren, am ersten Wochenende im Oktober &#8222;de Borger Kaermse&#8222;. Fr\u00fcher, war diese Kirmes wohl 100 Jahre auf dem B\u00f6rger Marktplatz an der Neub\u00f6rgerstra\u00dfe beheimatet. Seit den sp\u00e4ten 1970er Jahren zog man nach einem dorfinternen Streit zum Sch\u00fctzenplatz. Hier findet man die Kirmes nun j\u00e4hrlich am ersten Oktoberwochenende. [&#8230;]<\/p>\n","protected":false},"author":2,"featured_media":0,"comment_status":"closed","ping_status":"open","sticky":false,"template":"","format":"standard","meta":{"ngg_post_thumbnail":0,"footnotes":""},"categories":[3],"tags":[],"class_list":["post-3187","post","type-post","status-publish","format-standard","hentry","category-neuigkeiten","odd"],"_links":{"self":[{"href":"http:\/\/heimatverein.he-webpack.de\/index.php?rest_route=\/wp\/v2\/posts\/3187","targetHints":{"allow":["GET"]}}],"collection":[{"href":"http:\/\/heimatverein.he-webpack.de\/index.php?rest_route=\/wp\/v2\/posts"}],"about":[{"href":"http:\/\/heimatverein.he-webpack.de\/index.php?rest_route=\/wp\/v2\/types\/post"}],"author":[{"embeddable":true,"href":"http:\/\/heimatverein.he-webpack.de\/index.php?rest_route=\/wp\/v2\/users\/2"}],"replies":[{"embeddable":true,"href":"http:\/\/heimatverein.he-webpack.de\/index.php?rest_route=%2Fwp%2Fv2%2Fcomments&post=3187"}],"version-history":[{"count":12,"href":"http:\/\/heimatverein.he-webpack.de\/index.php?rest_route=\/wp\/v2\/posts\/3187\/revisions"}],"predecessor-version":[{"id":3191,"href":"http:\/\/heimatverein.he-webpack.de\/index.php?rest_route=\/wp\/v2\/posts\/3187\/revisions\/3191"}],"wp:attachment":[{"href":"http:\/\/heimatverein.he-webpack.de\/index.php?rest_route=%2Fwp%2Fv2%2Fmedia&parent=3187"}],"wp:term":[{"taxonomy":"category","embeddable":true,"href":"http:\/\/heimatverein.he-webpack.de\/index.php?rest_route=%2Fwp%2Fv2%2Fcategories&post=3187"},{"taxonomy":"post_tag","embeddable":true,"href":"http:\/\/heimatverein.he-webpack.de\/index.php?rest_route=%2Fwp%2Fv2%2Ftags&post=3187"}],"curies":[{"name":"wp","href":"https:\/\/api.w.org\/{rel}","templated":true}]}}