{"id":3123,"date":"2013-08-10T12:31:00","date_gmt":"2013-08-10T10:31:00","guid":{"rendered":"http:\/\/heimatverein.he-webpack.de\/?p=3123"},"modified":"2013-09-02T08:54:44","modified_gmt":"2013-09-02T06:54:44","slug":"ausflug-heimatverein-borger-2013","status":"publish","type":"post","link":"http:\/\/heimatverein.he-webpack.de\/?p=3123","title":{"rendered":"Ausflug Heimatverein B\u00f6rger 2013"},"content":{"rendered":"<p><a href=\"http:\/\/heimatverein.he-webpack.de\/wp-content\/uploads\/2013\/08\/Ausfl-HV-1200.jpg\" rel=\"lightbox[3123]\"><img loading=\"lazy\" decoding=\"async\" src=\"http:\/\/heimatverein.he-webpack.de\/wp-content\/uploads\/2013\/08\/Ausfl-HV-1200-200x150.jpg\" alt=\"Ausfl HV 1200\" title=\"Ausfl HV 1200\" width=\"200\" height=\"150\" class=\"alignleft size-thumbnail wp-image-3155\" \/><\/a>02.09.2013 UB &#8211; Auf dem Barbaraboten im August, der Homepage des HV B\u00f6rger und in der Emszeitung war es ver\u00f6ffentlicht und es war den Mitgliedern bekannt gemacht, das der Heimatverein den diesj\u00e4hrigen Ausflug am 01.09.2013 in die Schifferstadt Haren macht. P\u00fcnktlich um 13.00 Uhr ging es mit einem &#8222;Emsland-Express-Bus&#8220; der Fa. Thomas Sebers los. 38 Vereinsmitglieder waren dabei.<br \/>\nAm Rathaus in Haren wurde man von Frau Otten, einer gewieften Fremdenf\u00fchrerin aus Altharen erwartet, die uns &#8222;in Platt&#8220; begr\u00fc\u00dfte und die Stadt (teilweise auch in Plattd\u00fctsk) erkl\u00e4rte. Nach einer kurzen Besichtigungstour durch die Stra\u00dfen, am Heimathaus und der Mersm\u00fchle Haren vorbei, ging es zum &#8222;Dom&#8220; der Schifferstadt Haren. Leider war der dortige Hausherr der Kirche, unsere ehemalige Pastor G\u00fcnther B\u00fcltel nicht zu Hause und konnte uns begr\u00fc\u00dfen. Frau Otten machte deshalb die F\u00fchrung in der Martinuskirche. Danach ging es, zum Bauernhaus Meutstege nach Haren-Haar zum Kaffee. Es folgte der Besuch des Schifffahrtsmuseum Haren. Ein altes Schifferhaus und ca. f\u00fcnf Schiffe auf dem Kanal beherbergen eine Vielzahl von Exponaten aus der Geschichte der alten Schifferstadt Haren. Man erkundete die Ausstellungen in den Schiffen, dem Schifferhaus und die Au\u00dfenanlagen. Um 18.00 Uhr ging es auf die MS Amisia, die an der M\u00fcndung des Haren-R\u00fctenbrock-Kanales auf der Ems liegt. Man erkundete mit dem Fahrgastschiff den Eurohafen und die Ems bis nach Hilter hoch. Bei einem guten, schmackhaften B\u00fcfett lies man die Landschaft am Ufer an sich vorbeiziehen. Es war ein gelungener Ausflug, der Spa\u00df gemacht. Um 21.00 Uhr war man wieder an der Kirche in B\u00f6rger und konnte sich auf den Heimweg machen. <\/p>\n","protected":false},"excerpt":{"rendered":"<p>02.09.2013 UB &#8211; Auf dem Barbaraboten im August, der Homepage des HV B\u00f6rger und in der Emszeitung war es ver\u00f6ffentlicht und es war den Mitgliedern bekannt gemacht, das der Heimatverein den diesj\u00e4hrigen Ausflug am 01.09.2013 in die Schifferstadt Haren macht. P\u00fcnktlich um 13.00 Uhr ging es mit einem &#8222;Emsland-Express-Bus&#8220; der Fa. Thomas Sebers los. 38 [&#8230;]<\/p>\n","protected":false},"author":2,"featured_media":0,"comment_status":"closed","ping_status":"open","sticky":false,"template":"","format":"standard","meta":{"ngg_post_thumbnail":0,"footnotes":""},"categories":[3],"tags":[],"class_list":["post-3123","post","type-post","status-publish","format-standard","hentry","category-neuigkeiten","odd"],"_links":{"self":[{"href":"http:\/\/heimatverein.he-webpack.de\/index.php?rest_route=\/wp\/v2\/posts\/3123","targetHints":{"allow":["GET"]}}],"collection":[{"href":"http:\/\/heimatverein.he-webpack.de\/index.php?rest_route=\/wp\/v2\/posts"}],"about":[{"href":"http:\/\/heimatverein.he-webpack.de\/index.php?rest_route=\/wp\/v2\/types\/post"}],"author":[{"embeddable":true,"href":"http:\/\/heimatverein.he-webpack.de\/index.php?rest_route=\/wp\/v2\/users\/2"}],"replies":[{"embeddable":true,"href":"http:\/\/heimatverein.he-webpack.de\/index.php?rest_route=%2Fwp%2Fv2%2Fcomments&post=3123"}],"version-history":[{"count":36,"href":"http:\/\/heimatverein.he-webpack.de\/index.php?rest_route=\/wp\/v2\/posts\/3123\/revisions"}],"predecessor-version":[{"id":3130,"href":"http:\/\/heimatverein.he-webpack.de\/index.php?rest_route=\/wp\/v2\/posts\/3123\/revisions\/3130"}],"wp:attachment":[{"href":"http:\/\/heimatverein.he-webpack.de\/index.php?rest_route=%2Fwp%2Fv2%2Fmedia&parent=3123"}],"wp:term":[{"taxonomy":"category","embeddable":true,"href":"http:\/\/heimatverein.he-webpack.de\/index.php?rest_route=%2Fwp%2Fv2%2Fcategories&post=3123"},{"taxonomy":"post_tag","embeddable":true,"href":"http:\/\/heimatverein.he-webpack.de\/index.php?rest_route=%2Fwp%2Fv2%2Ftags&post=3123"}],"curies":[{"name":"wp","href":"https:\/\/api.w.org\/{rel}","templated":true}]}}