{"id":3082,"date":"2013-07-30T10:05:32","date_gmt":"2013-07-30T08:05:32","guid":{"rendered":"http:\/\/heimatverein.he-webpack.de\/?p=3082"},"modified":"2013-08-10T13:39:14","modified_gmt":"2013-08-10T11:39:14","slug":"schutzenfest-in-borger","status":"publish","type":"post","link":"http:\/\/heimatverein.he-webpack.de\/?p=3082","title":{"rendered":"Sch\u00fctzenfest in B\u00f6rger"},"content":{"rendered":"<p><a href=\"http:\/\/heimatverein.he-webpack.de\/wp-content\/uploads\/2013\/07\/Marsch-Mo-29.07.2013.jpg\" rel=\"lightbox[3082]\"><img loading=\"lazy\" decoding=\"async\" src=\"http:\/\/heimatverein.he-webpack.de\/wp-content\/uploads\/2013\/07\/Marsch-Mo-29.07.2013-300x106.jpg\" alt=\"Sch\u00fctzenmarsch Mo, 29.07.2013 Foto:UB\" title=\"Sch\u00fctzenmarsch am Montag 29.07.2013 - Foto: UB\" width=\"300\" height=\"106\" class=\"alignright size-medium wp-image-3092\" srcset=\"http:\/\/heimatverein.he-webpack.de\/wp-content\/uploads\/2013\/07\/Marsch-Mo-29.07.2013-300x106.jpg 300w, http:\/\/heimatverein.he-webpack.de\/wp-content\/uploads\/2013\/07\/Marsch-Mo-29.07.2013-1024x363.jpg 1024w, http:\/\/heimatverein.he-webpack.de\/wp-content\/uploads\/2013\/07\/Marsch-Mo-29.07.2013.jpg 1200w\" sizes=\"auto, (max-width: 300px) 100vw, 300px\" \/><\/a>29.07.2013 UB &#8211; Traditionsgem\u00e4\u00df ist am vierten Sonntag im Juli, in B\u00f6rger Sch\u00fctzenfest. So auch in diesem Jahr. Bei Hochsommerwetter trafen sich am Sch\u00fctzenfestsonntag die drei Kompanien, die aus ihren Ortsteilen heranmarschierten, begleitet von den Kapellen B\u00f6rgerwald, Werpeloh und B\u00f6rger vor der Kirche, um K\u00f6nig Gerd Sievers und Gattin aus der Ostkompanie begr\u00fc\u00dfen zu k\u00f6nnen. Oberst Frank Schmees konnte insgesamt 188 angetretene Sch\u00fctzen und 18 Sch\u00fctzinnen begr\u00fc\u00dfen. Bei einer kurzen Ansprache bedankte er sich bei den Offiziellen und den vielen Helfern, die zum Gelingen des B\u00f6rger Sch\u00fctzenfestes beigetragen haben. Nach einem gemeinsamen Marsch durch den Ort legte man einen Kranz, zum Gedenken an die in beiden Weltkriegen gefallenen und vermissten B\u00f6rgeraner Soldaten am Kriegerdenkmal nieder, bevor es zum Sch\u00fctzenplatz ging. Beim abendlichen K\u00f6nigschie\u00dfen erreichte Thomas Sch\u00fcrmann vom Nordkamp (Kompanie West), die beste Wertung und wurde anschlie\u00dfend zum B\u00f6rger Sch\u00fctzenk\u00f6nig 2013\/14 proklamiert. Er nahm sich seine Ehefrau Nicole zur K\u00f6nigin. Die Nachbarn, Angeh\u00f6rige und Freunde stellen den Thron. Mit der Sch\u00fctzenmesse und dem &#8222;Scheibe aufh\u00e4ngen&#8220; beim neuen K\u00f6nig begann der zweite Sch\u00fctzenfesttag. Beim K\u00f6nig trafen sich ein paar Hundert G\u00e4ste auf dem Nordkamp. Am Sch\u00fctzenfestmontag ging es, begleitet von den Reitergruppen und der Feuerwehr, vom Kirchplatz \u00fcber die Neub\u00f6rgerstra\u00dfe\/Zum Opferstein zum Festplatz an der Waldstra\u00dfe. Montagabend ist trationell K\u00f6nigsball. Der Sch\u00fctzenverein B\u00f6rger ist auf seiner Homepage pr\u00e4sent &#8222;<a href=\"http:\/\/www.schuetzenverein-boerger.de\">www.sch\u00fctzenverein-boerger.de<\/a>&#8222;.<\/p>\n","protected":false},"excerpt":{"rendered":"<p>29.07.2013 UB &#8211; Traditionsgem\u00e4\u00df ist am vierten Sonntag im Juli, in B\u00f6rger Sch\u00fctzenfest. So auch in diesem Jahr. Bei Hochsommerwetter trafen sich am Sch\u00fctzenfestsonntag die drei Kompanien, die aus ihren Ortsteilen heranmarschierten, begleitet von den Kapellen B\u00f6rgerwald, Werpeloh und B\u00f6rger vor der Kirche, um K\u00f6nig Gerd Sievers und Gattin aus der Ostkompanie begr\u00fc\u00dfen zu k\u00f6nnen. [&#8230;]<\/p>\n","protected":false},"author":2,"featured_media":0,"comment_status":"closed","ping_status":"open","sticky":false,"template":"","format":"standard","meta":{"ngg_post_thumbnail":0,"footnotes":""},"categories":[3],"tags":[],"class_list":["post-3082","post","type-post","status-publish","format-standard","hentry","category-neuigkeiten","odd"],"_links":{"self":[{"href":"http:\/\/heimatverein.he-webpack.de\/index.php?rest_route=\/wp\/v2\/posts\/3082","targetHints":{"allow":["GET"]}}],"collection":[{"href":"http:\/\/heimatverein.he-webpack.de\/index.php?rest_route=\/wp\/v2\/posts"}],"about":[{"href":"http:\/\/heimatverein.he-webpack.de\/index.php?rest_route=\/wp\/v2\/types\/post"}],"author":[{"embeddable":true,"href":"http:\/\/heimatverein.he-webpack.de\/index.php?rest_route=\/wp\/v2\/users\/2"}],"replies":[{"embeddable":true,"href":"http:\/\/heimatverein.he-webpack.de\/index.php?rest_route=%2Fwp%2Fv2%2Fcomments&post=3082"}],"version-history":[{"count":35,"href":"http:\/\/heimatverein.he-webpack.de\/index.php?rest_route=\/wp\/v2\/posts\/3082\/revisions"}],"predecessor-version":[{"id":3085,"href":"http:\/\/heimatverein.he-webpack.de\/index.php?rest_route=\/wp\/v2\/posts\/3082\/revisions\/3085"}],"wp:attachment":[{"href":"http:\/\/heimatverein.he-webpack.de\/index.php?rest_route=%2Fwp%2Fv2%2Fmedia&parent=3082"}],"wp:term":[{"taxonomy":"category","embeddable":true,"href":"http:\/\/heimatverein.he-webpack.de\/index.php?rest_route=%2Fwp%2Fv2%2Fcategories&post=3082"},{"taxonomy":"post_tag","embeddable":true,"href":"http:\/\/heimatverein.he-webpack.de\/index.php?rest_route=%2Fwp%2Fv2%2Ftags&post=3082"}],"curies":[{"name":"wp","href":"https:\/\/api.w.org\/{rel}","templated":true}]}}