{"id":3068,"date":"2013-07-20T20:50:54","date_gmt":"2013-07-20T18:50:54","guid":{"rendered":"http:\/\/heimatverein.he-webpack.de\/?p=3068"},"modified":"2013-07-22T18:25:42","modified_gmt":"2013-07-22T16:25:42","slug":"radfahrergruppe-aus-bad-zwischenahn-bad-zwischenahner-woche-14-18-aug-2013","status":"publish","type":"post","link":"http:\/\/heimatverein.he-webpack.de\/?p=3068","title":{"rendered":"Bad Zwischenahner Woche 14. &#8211; 18. Aug. 2013"},"content":{"rendered":"<p><a href=\"http:\/\/heimatverein.he-webpack.de\/wp-content\/uploads\/2013\/07\/Verantwortliche-u-Bgm-Schwarz-1200.jpg\" rel=\"lightbox[3068]\"><img loading=\"lazy\" decoding=\"async\" src=\"http:\/\/heimatverein.he-webpack.de\/wp-content\/uploads\/2013\/07\/Verantwortliche-u-Bgm-Schwarz-1200-200x150.jpg\" alt=\"Verantwortliche u Bgm Schwarz 1200\" title=\"Verantwortliche u Bgm Schwarz 1200\" width=\"200\" height=\"150\" class=\"alignleft size-thumbnail wp-image-3069\" \/><\/a>UB &#8211; Heute, Samstag 20. Juli 2013, war eine gro\u00dfe Gruppe Radler in B\u00f6rger am Heimathaus zu Gast. 47 Personen stark war die Gruppe aus Bad Zwischenahn, die im Rahmen einer Radtour, Werbung f\u00fcr die Bad Zwischenahner Woche vom 14. bis 18. August 2013 machen wollte. Bei herrlichen Radfahrerwetter, (25 Grad, luftig und leicht bedeckt) traf man um 11.00 Uhr am Heimathaus B\u00f6rger ein und wurde von Bgm. Hans Schwarz mit Getr\u00e4nken versorgt. Das Heimathaus war offen und man genoss einen kleine Weile das Umfeld des B\u00f6rger Heimathauses. Bgm. Schwarz und Vereinsvorsitzender Hermann Schmitz, stellten kurz die Gemeinde und das Heimathaus vor und die Verantwortlichen der Gruppe aus Politik, Geistlichkeit und vom Orga-Team &#8222;Bad Zwischenahner Woche&#8220; luden zum Besuch nach Bad Zwischenahn ein und \u00fcberreichten Gastgeschenke.  Nach einem Besuch bei den B\u00f6rger Steindenkmalen (Opferstein und Steenhus), begleitet von Hans Schwarz, machte man sich begleitet von Polizei, DRK-Sanfahrzeug und Logistikfahrzeugen auf dem Weg nach B\u00f6rgerwald, wo das Mittagessen bei der Gemeinde Surwold wartete. Zuvor durfte Hans Schwarz jedoch das mitgebrachte sehr alte &#8222;Hochrad&#8220; von 1870 des Herrn Willehad testen. (siehe Foto). <\/p>\n","protected":false},"excerpt":{"rendered":"<p>UB &#8211; Heute, Samstag 20. Juli 2013, war eine gro\u00dfe Gruppe Radler in B\u00f6rger am Heimathaus zu Gast. 47 Personen stark war die Gruppe aus Bad Zwischenahn, die im Rahmen einer Radtour, Werbung f\u00fcr die Bad Zwischenahner Woche vom 14. bis 18. August 2013 machen wollte. Bei herrlichen Radfahrerwetter, (25 Grad, luftig und leicht bedeckt) [&#8230;]<\/p>\n","protected":false},"author":2,"featured_media":0,"comment_status":"closed","ping_status":"open","sticky":false,"template":"","format":"standard","meta":{"ngg_post_thumbnail":0,"footnotes":""},"categories":[3],"tags":[],"class_list":["post-3068","post","type-post","status-publish","format-standard","hentry","category-neuigkeiten","odd"],"_links":{"self":[{"href":"http:\/\/heimatverein.he-webpack.de\/index.php?rest_route=\/wp\/v2\/posts\/3068","targetHints":{"allow":["GET"]}}],"collection":[{"href":"http:\/\/heimatverein.he-webpack.de\/index.php?rest_route=\/wp\/v2\/posts"}],"about":[{"href":"http:\/\/heimatverein.he-webpack.de\/index.php?rest_route=\/wp\/v2\/types\/post"}],"author":[{"embeddable":true,"href":"http:\/\/heimatverein.he-webpack.de\/index.php?rest_route=\/wp\/v2\/users\/2"}],"replies":[{"embeddable":true,"href":"http:\/\/heimatverein.he-webpack.de\/index.php?rest_route=%2Fwp%2Fv2%2Fcomments&post=3068"}],"version-history":[{"count":11,"href":"http:\/\/heimatverein.he-webpack.de\/index.php?rest_route=\/wp\/v2\/posts\/3068\/revisions"}],"predecessor-version":[{"id":3080,"href":"http:\/\/heimatverein.he-webpack.de\/index.php?rest_route=\/wp\/v2\/posts\/3068\/revisions\/3080"}],"wp:attachment":[{"href":"http:\/\/heimatverein.he-webpack.de\/index.php?rest_route=%2Fwp%2Fv2%2Fmedia&parent=3068"}],"wp:term":[{"taxonomy":"category","embeddable":true,"href":"http:\/\/heimatverein.he-webpack.de\/index.php?rest_route=%2Fwp%2Fv2%2Fcategories&post=3068"},{"taxonomy":"post_tag","embeddable":true,"href":"http:\/\/heimatverein.he-webpack.de\/index.php?rest_route=%2Fwp%2Fv2%2Ftags&post=3068"}],"curies":[{"name":"wp","href":"https:\/\/api.w.org\/{rel}","templated":true}]}}