{"id":3047,"date":"2013-07-08T20:38:40","date_gmt":"2013-07-08T18:38:40","guid":{"rendered":"http:\/\/heimatverein.he-webpack.de\/?p=3047"},"modified":"2013-09-02T08:34:58","modified_gmt":"2013-09-02T06:34:58","slug":"ferienspasaktion-nr-2-vogelhauschen-bauen","status":"publish","type":"post","link":"http:\/\/heimatverein.he-webpack.de\/?p=3047","title":{"rendered":"Ferienspa\u00dfaktion Nr. 2 &#8211; Vogelh\u00e4uschen bauen"},"content":{"rendered":"<p><a href=\"http:\/\/heimatverein.he-webpack.de\/wp-content\/uploads\/2013\/07\/Bild-Grp-IIUB-1200.jpg\" rel=\"lightbox[3047]\"><img loading=\"lazy\" decoding=\"async\" src=\"http:\/\/heimatverein.he-webpack.de\/wp-content\/uploads\/2013\/07\/Bild-Grp-IIUB-1200-300x199.jpg\" alt=\"Bild Grp IIUB 1200\" title=\"Bild Grp IIUB 1200\" width=\"300\" height=\"199\" class=\"alignright size-medium wp-image-3048\" srcset=\"http:\/\/heimatverein.he-webpack.de\/wp-content\/uploads\/2013\/07\/Bild-Grp-IIUB-1200-300x199.jpg 300w, http:\/\/heimatverein.he-webpack.de\/wp-content\/uploads\/2013\/07\/Bild-Grp-IIUB-1200-1024x680.jpg 1024w, http:\/\/heimatverein.he-webpack.de\/wp-content\/uploads\/2013\/07\/Bild-Grp-IIUB-1200.jpg 1200w\" sizes=\"auto, (max-width: 300px) 100vw, 300px\" \/><\/a>08.07.2013 UB &#8211; Auch in diesem Jahr beteiligte sich der Heimatverein B\u00f6rger wieder an der Ferienpa\u00dfaktion der H\u00fcmmling Samtgemeinden. Wilfried u. Marlene Deja, Hermann, Christina u. Anne Schmitz, Wolfgang Theis und Hermann Ubbenjans vom Heimatverein B\u00f6rger e.V. fertigten in zwei Gruppen mit den Kindern Nisthilfen f\u00fcr heimische V\u00f6gel. Bei dieser Aktion erfuhren die Kinder Wissenswertes \u00fcber die heimische Vogelwelt und man \u00fcbte sich im Umgang mit Hammer und Zange beim Bau der Vogelh\u00e4user. Kinder aus S\u00f6gel, Lorup, Esterwegen, B\u00f6rger, Spahnharrenst\u00e4tte und Werlte und weiteren Orten waren mit Begeisterung dabei. Als Lohn konnte man sein gebasteltes Vogelhaus mit nach Hause nehmen. Auf dem Bild sieht man die Gruppe II  mit Hermann Ubbenjans (links), Hermann Schmitz (hinten mittig) und Wilfried Deja (hinter den Kindern rechts), es fehlt Wolfgang Theis, an der Remise beim Heimathaus. Als weitere Aktion hat der Heimatverein B\u00f6rger e.V. am 15. Juli 2013 eine Exkursion zu den Steindenkmalen unter dem Motto \u201cWer errichtete die Steindenkmale in B\u00f6rger\u201d geplant.<\/p>\n","protected":false},"excerpt":{"rendered":"<p>08.07.2013 UB &#8211; Auch in diesem Jahr beteiligte sich der Heimatverein B\u00f6rger wieder an der Ferienpa\u00dfaktion der H\u00fcmmling Samtgemeinden. Wilfried u. Marlene Deja, Hermann, Christina u. Anne Schmitz, Wolfgang Theis und Hermann Ubbenjans vom Heimatverein B\u00f6rger e.V. fertigten in zwei Gruppen mit den Kindern Nisthilfen f\u00fcr heimische V\u00f6gel. Bei dieser Aktion erfuhren die Kinder Wissenswertes [&#8230;]<\/p>\n","protected":false},"author":2,"featured_media":0,"comment_status":"closed","ping_status":"open","sticky":false,"template":"","format":"standard","meta":{"ngg_post_thumbnail":0,"footnotes":""},"categories":[3],"tags":[],"class_list":["post-3047","post","type-post","status-publish","format-standard","hentry","category-neuigkeiten","odd"],"_links":{"self":[{"href":"http:\/\/heimatverein.he-webpack.de\/index.php?rest_route=\/wp\/v2\/posts\/3047","targetHints":{"allow":["GET"]}}],"collection":[{"href":"http:\/\/heimatverein.he-webpack.de\/index.php?rest_route=\/wp\/v2\/posts"}],"about":[{"href":"http:\/\/heimatverein.he-webpack.de\/index.php?rest_route=\/wp\/v2\/types\/post"}],"author":[{"embeddable":true,"href":"http:\/\/heimatverein.he-webpack.de\/index.php?rest_route=\/wp\/v2\/users\/2"}],"replies":[{"embeddable":true,"href":"http:\/\/heimatverein.he-webpack.de\/index.php?rest_route=%2Fwp%2Fv2%2Fcomments&post=3047"}],"version-history":[{"count":6,"href":"http:\/\/heimatverein.he-webpack.de\/index.php?rest_route=\/wp\/v2\/posts\/3047\/revisions"}],"predecessor-version":[{"id":3050,"href":"http:\/\/heimatverein.he-webpack.de\/index.php?rest_route=\/wp\/v2\/posts\/3047\/revisions\/3050"}],"wp:attachment":[{"href":"http:\/\/heimatverein.he-webpack.de\/index.php?rest_route=%2Fwp%2Fv2%2Fmedia&parent=3047"}],"wp:term":[{"taxonomy":"category","embeddable":true,"href":"http:\/\/heimatverein.he-webpack.de\/index.php?rest_route=%2Fwp%2Fv2%2Fcategories&post=3047"},{"taxonomy":"post_tag","embeddable":true,"href":"http:\/\/heimatverein.he-webpack.de\/index.php?rest_route=%2Fwp%2Fv2%2Ftags&post=3047"}],"curies":[{"name":"wp","href":"https:\/\/api.w.org\/{rel}","templated":true}]}}