{"id":3031,"date":"2013-07-02T19:24:19","date_gmt":"2013-07-02T17:24:19","guid":{"rendered":"http:\/\/heimatverein.he-webpack.de\/?p=3031"},"modified":"2013-09-02T08:33:08","modified_gmt":"2013-09-02T06:33:08","slug":"ferienpasaktion-2013","status":"publish","type":"post","link":"http:\/\/heimatverein.he-webpack.de\/?p=3031","title":{"rendered":"Ferienpa\u00dfaktion Nr. 1 in 2013"},"content":{"rendered":"<p><a href=\"http:\/\/heimatverein.he-webpack.de\/?attachment_id=3032\" rel=\"attachment wp-att-3032\"><img loading=\"lazy\" decoding=\"async\" src=\"http:\/\/heimatverein.he-webpack.de\/wp-content\/uploads\/2013\/07\/Bild-Gruppe-I-1200-300x221.jpg\" alt=\"Bild Gruppe I 1200\" title=\"Bild Gruppe I 1200\" width=\"300\" height=\"221\" class=\"alignright size-medium wp-image-3032\" srcset=\"http:\/\/heimatverein.he-webpack.de\/wp-content\/uploads\/2013\/07\/Bild-Gruppe-I-1200-300x221.jpg 300w, http:\/\/heimatverein.he-webpack.de\/wp-content\/uploads\/2013\/07\/Bild-Gruppe-I-1200-1024x756.jpg 1024w, http:\/\/heimatverein.he-webpack.de\/wp-content\/uploads\/2013\/07\/Bild-Gruppe-I-1200.jpg 1200w\" sizes=\"auto, (max-width: 300px) 100vw, 300px\" \/><\/a>02.07.2013 UB &#8211; Auch in diesem Jahr beteiligte sich der Heimatverein B\u00f6rger wieder an der Ferienpa\u00dfaktion der H\u00fcmmling Samtgemeinden. Wilfried u. Marlene Deja, Hermann u. Anne Schmitz, Wolfgang Theis und Hermann Ubbenjans vom Heimatverein B\u00f6rger e.V. fertigten in zwei Gruppen mit den Kindern Nisthilfen f\u00fcr heimische V\u00f6gel. Bei dieser Aktion erfuhren die Kinder Wissenswertes \u00fcber die heimische Vogelwelt und man \u00fcbte sich im Umgang mit Hammer und Zange beim Bau der Vogelh\u00e4user. Kinder aus S\u00f6gel, Lorup, Esterwegen, B\u00f6rger, Spahnharrenst\u00e4tte und Werlte waren mit Begeisterung dabei. Als Lohn konnte man sein gebasteltes Vogelhaus mit nach Hause nehmen. Auf dem Bild sieht man die Gruppe I (eine weitere folgt am 08.07.2013) mit Hermann Ubbenjans (links), Hermann Schmitz (hinten mittig) und Wilfried Deja (hinter den Kindern rechts) an der Remise beim Heimathaus. Als weitere Aktion hat der Heimatverein B\u00f6rger e.V. am 15. Juli 2013 eine Exkursion zu den Steindenkmalen unter dem Motto &#8222;Wer errichtete die Steindenkmale in B\u00f6rger&#8220; geplant. <\/p>\n","protected":false},"excerpt":{"rendered":"<p>02.07.2013 UB &#8211; Auch in diesem Jahr beteiligte sich der Heimatverein B\u00f6rger wieder an der Ferienpa\u00dfaktion der H\u00fcmmling Samtgemeinden. Wilfried u. Marlene Deja, Hermann u. Anne Schmitz, Wolfgang Theis und Hermann Ubbenjans vom Heimatverein B\u00f6rger e.V. fertigten in zwei Gruppen mit den Kindern Nisthilfen f\u00fcr heimische V\u00f6gel. Bei dieser Aktion erfuhren die Kinder Wissenswertes \u00fcber [&#8230;]<\/p>\n","protected":false},"author":2,"featured_media":0,"comment_status":"closed","ping_status":"open","sticky":false,"template":"","format":"standard","meta":{"ngg_post_thumbnail":0,"footnotes":""},"categories":[3],"tags":[],"class_list":["post-3031","post","type-post","status-publish","format-standard","hentry","category-neuigkeiten","odd"],"_links":{"self":[{"href":"http:\/\/heimatverein.he-webpack.de\/index.php?rest_route=\/wp\/v2\/posts\/3031","targetHints":{"allow":["GET"]}}],"collection":[{"href":"http:\/\/heimatverein.he-webpack.de\/index.php?rest_route=\/wp\/v2\/posts"}],"about":[{"href":"http:\/\/heimatverein.he-webpack.de\/index.php?rest_route=\/wp\/v2\/types\/post"}],"author":[{"embeddable":true,"href":"http:\/\/heimatverein.he-webpack.de\/index.php?rest_route=\/wp\/v2\/users\/2"}],"replies":[{"embeddable":true,"href":"http:\/\/heimatverein.he-webpack.de\/index.php?rest_route=%2Fwp%2Fv2%2Fcomments&post=3031"}],"version-history":[{"count":13,"href":"http:\/\/heimatverein.he-webpack.de\/index.php?rest_route=\/wp\/v2\/posts\/3031\/revisions"}],"predecessor-version":[{"id":3036,"href":"http:\/\/heimatverein.he-webpack.de\/index.php?rest_route=\/wp\/v2\/posts\/3031\/revisions\/3036"}],"wp:attachment":[{"href":"http:\/\/heimatverein.he-webpack.de\/index.php?rest_route=%2Fwp%2Fv2%2Fmedia&parent=3031"}],"wp:term":[{"taxonomy":"category","embeddable":true,"href":"http:\/\/heimatverein.he-webpack.de\/index.php?rest_route=%2Fwp%2Fv2%2Fcategories&post=3031"},{"taxonomy":"post_tag","embeddable":true,"href":"http:\/\/heimatverein.he-webpack.de\/index.php?rest_route=%2Fwp%2Fv2%2Ftags&post=3031"}],"curies":[{"name":"wp","href":"https:\/\/api.w.org\/{rel}","templated":true}]}}