{"id":3021,"date":"2013-06-13T12:31:30","date_gmt":"2013-06-13T10:31:30","guid":{"rendered":"http:\/\/heimatverein.he-webpack.de\/?p=3021"},"modified":"2013-09-02T08:30:30","modified_gmt":"2013-09-02T06:30:30","slug":"hochwassereinsatz-der-borger-feuerwehr","status":"publish","type":"post","link":"http:\/\/heimatverein.he-webpack.de\/?p=3021","title":{"rendered":"Hochwassereinsatz der B\u00f6rger Feuerwehr"},"content":{"rendered":"<p><a href=\"http:\/\/heimatverein.he-webpack.de\/wp-content\/uploads\/2013\/06\/Hochwassereinsatz-FF-B\u00f6rger-in-Madeburg.jpg\"><img loading=\"lazy\" decoding=\"async\" src=\"http:\/\/heimatverein.he-webpack.de\/wp-content\/uploads\/2013\/06\/Hochwassereinsatz-FF-B\u00f6rger-in-Madeburg-300x200.jpg\" alt=\"Hochwassereinsatz FF B\u00f6rger in Madeburg\" title=\"Hochwassereinsatz FF B\u00f6rger in Madeburg\" width=\"300\" height=\"200\" class=\"alignleft size-medium wp-image-3026\" srcset=\"http:\/\/heimatverein.he-webpack.de\/wp-content\/uploads\/2013\/06\/Hochwassereinsatz-FF-B\u00f6rger-in-Madeburg-300x200.jpg 300w, http:\/\/heimatverein.he-webpack.de\/wp-content\/uploads\/2013\/06\/Hochwassereinsatz-FF-B\u00f6rger-in-Madeburg-1024x682.jpg 1024w, http:\/\/heimatverein.he-webpack.de\/wp-content\/uploads\/2013\/06\/Hochwassereinsatz-FF-B\u00f6rger-in-Madeburg.jpg 1200w\" sizes=\"auto, (max-width: 300px) 100vw, 300px\" \/><\/a>13.06.2013 UB &#8211; Magdeburg-Rothensee \u201eSchlaft unterwegs.\u201c Diesen Rat haben die 97 Einsatzkr\u00e4fte der Kreisfeuerwehrbereitschaft Aschendorf-H\u00fcmmling von Regierungsbrandmeister Kn\u00f6pker und Brandabschnittsleiter L\u00fccken erhalten, als sie Sonntagnacht vom 09. auf den 10. Juni gegen halb zwei mit 18 Einsatzwagen in das vom Hochwasser bedr\u00e4ngte Magdeburg aufgebrochen sind. Mit dabei war das L\u00f6schgruppenfahrzeug der Feuerwehr B\u00f6rger mit einer kompletten Einsatzgruppe (9 Feuerwehrleute) unter Gruppenf\u00fchrer Michael Kr\u00f6ger.<br \/>\nIn Magdeburg angekommen, l\u00f6sten die Nordemsl\u00e4nder die Feuerwehrbereitschaft S\u00fcd der Kreisfeuerwehr Osnabr\u00fcck im Kampf gegen die Flut ab. Ihr Einsatzort ist das von den Wassermassen bedrohte Umspannwerk des dortigen Stromunternehmens in Rothensee, dessen Ausfall zehntausende Haushalte von der Stromversorgung trennen w\u00fcrde. Gemeinsam mit der Bundeswehr, der Feuerwehr Hannover und Kr\u00e4ften des Technischen Hilfswerks (THW) waren sie den ganzen Montag \u00fcber damit besch\u00e4ftigt, die Sandsackbarriere aufrechtzuerhalten und das eingedrungene Wasser abzupumpen. Verpflegt wurden die Wehrm\u00e4nner hervorragend von der Versorgungsgruppe des MHD Papenburg, die zum Tross geh\u00f6rte. Ein wenig ausruhen konnte man sich dann nachts in einer Turnhalle eines Schulzentrums in Magdeburg. Hier war die Unterbringung auch hervorragend organisiert. \u00dcbern\u00e4chtigt aber gesund und ohne Materialsch\u00e4den konnte man man am Mittwoch den 10.06.2013 die Heimreise wieder antreten und traf abends wieder in B\u00f6rger ein. Das Foto machte der FF-Pressewart Lambert Brand in Surwold bei der R\u00fcckkehr. Hier gab es noch eine kleine St\u00e4rkung durch die FF Surwold. <\/p>\n","protected":false},"excerpt":{"rendered":"<p>13.06.2013 UB &#8211; Magdeburg-Rothensee \u201eSchlaft unterwegs.\u201c Diesen Rat haben die 97 Einsatzkr\u00e4fte der Kreisfeuerwehrbereitschaft Aschendorf-H\u00fcmmling von Regierungsbrandmeister Kn\u00f6pker und Brandabschnittsleiter L\u00fccken erhalten, als sie Sonntagnacht vom 09. auf den 10. Juni gegen halb zwei mit 18 Einsatzwagen in das vom Hochwasser bedr\u00e4ngte Magdeburg aufgebrochen sind. Mit dabei war das L\u00f6schgruppenfahrzeug der Feuerwehr B\u00f6rger mit einer [&#8230;]<\/p>\n","protected":false},"author":2,"featured_media":0,"comment_status":"closed","ping_status":"open","sticky":false,"template":"","format":"standard","meta":{"ngg_post_thumbnail":0,"footnotes":""},"categories":[3],"tags":[],"class_list":["post-3021","post","type-post","status-publish","format-standard","hentry","category-neuigkeiten","odd"],"_links":{"self":[{"href":"http:\/\/heimatverein.he-webpack.de\/index.php?rest_route=\/wp\/v2\/posts\/3021","targetHints":{"allow":["GET"]}}],"collection":[{"href":"http:\/\/heimatverein.he-webpack.de\/index.php?rest_route=\/wp\/v2\/posts"}],"about":[{"href":"http:\/\/heimatverein.he-webpack.de\/index.php?rest_route=\/wp\/v2\/types\/post"}],"author":[{"embeddable":true,"href":"http:\/\/heimatverein.he-webpack.de\/index.php?rest_route=\/wp\/v2\/users\/2"}],"replies":[{"embeddable":true,"href":"http:\/\/heimatverein.he-webpack.de\/index.php?rest_route=%2Fwp%2Fv2%2Fcomments&post=3021"}],"version-history":[{"count":8,"href":"http:\/\/heimatverein.he-webpack.de\/index.php?rest_route=\/wp\/v2\/posts\/3021\/revisions"}],"predecessor-version":[{"id":3024,"href":"http:\/\/heimatverein.he-webpack.de\/index.php?rest_route=\/wp\/v2\/posts\/3021\/revisions\/3024"}],"wp:attachment":[{"href":"http:\/\/heimatverein.he-webpack.de\/index.php?rest_route=%2Fwp%2Fv2%2Fmedia&parent=3021"}],"wp:term":[{"taxonomy":"category","embeddable":true,"href":"http:\/\/heimatverein.he-webpack.de\/index.php?rest_route=%2Fwp%2Fv2%2Fcategories&post=3021"},{"taxonomy":"post_tag","embeddable":true,"href":"http:\/\/heimatverein.he-webpack.de\/index.php?rest_route=%2Fwp%2Fv2%2Ftags&post=3021"}],"curies":[{"name":"wp","href":"https:\/\/api.w.org\/{rel}","templated":true}]}}