{"id":2953,"date":"2013-04-10T08:44:12","date_gmt":"2013-04-10T06:44:12","guid":{"rendered":"http:\/\/heimatverein.he-webpack.de\/?p=2953"},"modified":"2013-04-10T09:11:14","modified_gmt":"2013-04-10T07:11:14","slug":"groser-preis-von-borger-2","status":"publish","type":"post","link":"http:\/\/heimatverein.he-webpack.de\/?p=2953","title":{"rendered":"Gro\u00dfer Preis von B\u00f6rger"},"content":{"rendered":"<p><a href=\"http:\/\/heimatverein.he-webpack.de\/wp-content\/uploads\/2013\/04\/Hauptrennen-1200.jpg\" rel=\"lightbox[2953]\"><img loading=\"lazy\" decoding=\"async\" src=\"http:\/\/heimatverein.he-webpack.de\/wp-content\/uploads\/2013\/04\/Hauptrennen-1200-200x150.jpg\" alt=\"Hauptrennen 1200\" title=\"Hauptrennen 1200\" width=\"200\" height=\"150\" class=\"alignleft size-thumbnail wp-image-2954\" \/><\/a> 09.04.2013 UB &#8211; B\u00f6rger stand Anfang April 2013 wieder im Zeichen des Radsports. Der Gro\u00dfe Preis von B\u00f6rger wurde ausgefahren. Man hatte sich den bislang sch\u00f6nsten Tag im Jahr ausgesucht um dieses Rennen durchzuf\u00fchren. Nach dem langen Winter brachten Temperaturen um 10 Grad bei stahlendem Sonnenwetter die Radsportler auf Touren. Beste Bedingungen, auch im Bezug auf Organisation und Ausrichtung. Sogar die Nachbarn halfen die Stra\u00dfen auszuschm\u00fccken. Die Feuerwehr, das DRK mit Rettungsfahrzeugen, der Musikverein, KfD, Landjugend und weitere Vereine und der Bauhof der Gemeinde packten mit an, um dieses Event zu organisieren. Im dritten Jahr hintereinander waren Hunderte von Radsportlern dabei, diesesmal insgesamt 525 Biker am Start. Das ist ein Rekord. In 13 Hauptl\u00e4ufen ging es auf den 13,6 Kilometer langem Rundkurs \u00fcber die Neub\u00f6rgerstra\u00dfe, gut ausgebauten Seitenstra\u00dfe mit leichten Steigungen u. Gef\u00e4lle und \u00fcber dem Nordkamp wieder retour zum Start und Ziel an der Neub\u00f6rgerstra\u00dfe Ecke Herbergsweg.<\/p>\n<p>Schnellster im Hauptlauf und Sieger wurde der Niederl\u00e4nder Geert van der Weijst. Der Niederl\u00e4nder vom Radteam Jo Piels gewann das Hauptrennen (8 mal \u00fcber die Strecke) \u00fcber insgesamt 108,8 Kilometer in 2:30 Stunden. Dabei erreichte er die Durschnittsgeschwindigkeit von 43,1 Kilometern pro Stunde. Das ist etwa zwei km\/h schneller als Vorjahressieger Jeff Vermeulen vom Metec Continent. In den Klasse \u201eHobby Senioren\u201c war Markus Borghorst, der vor Kurzem von BW D\u00f6rpen zum RSC Papenburg gewechselt ist, als einziger hiesige Vertreter auf der Stra\u00dfe. Er belegte den nach 54,4 Kilometern den 11. Rang. Steffen Mecklenburg vom FC Wesuwe absolvierte die gleiche Strecke und belegt in der \u201eHobby-Klasse\u201c den 16. Rang.<\/p>\n","protected":false},"excerpt":{"rendered":"<p> 09.04.2013 UB &#8211; B\u00f6rger stand Anfang April 2013 wieder im Zeichen des Radsports. Der Gro\u00dfe Preis von B\u00f6rger wurde ausgefahren. Man hatte sich den bislang sch\u00f6nsten Tag im Jahr ausgesucht um dieses Rennen durchzuf\u00fchren. Nach dem langen Winter brachten Temperaturen um 10 Grad bei stahlendem Sonnenwetter die Radsportler auf Touren. Beste Bedingungen, auch im [&#8230;]<\/p>\n","protected":false},"author":2,"featured_media":0,"comment_status":"closed","ping_status":"open","sticky":false,"template":"","format":"standard","meta":{"ngg_post_thumbnail":0,"footnotes":""},"categories":[3],"tags":[],"class_list":["post-2953","post","type-post","status-publish","format-standard","hentry","category-neuigkeiten","odd"],"_links":{"self":[{"href":"http:\/\/heimatverein.he-webpack.de\/index.php?rest_route=\/wp\/v2\/posts\/2953","targetHints":{"allow":["GET"]}}],"collection":[{"href":"http:\/\/heimatverein.he-webpack.de\/index.php?rest_route=\/wp\/v2\/posts"}],"about":[{"href":"http:\/\/heimatverein.he-webpack.de\/index.php?rest_route=\/wp\/v2\/types\/post"}],"author":[{"embeddable":true,"href":"http:\/\/heimatverein.he-webpack.de\/index.php?rest_route=\/wp\/v2\/users\/2"}],"replies":[{"embeddable":true,"href":"http:\/\/heimatverein.he-webpack.de\/index.php?rest_route=%2Fwp%2Fv2%2Fcomments&post=2953"}],"version-history":[{"count":6,"href":"http:\/\/heimatverein.he-webpack.de\/index.php?rest_route=\/wp\/v2\/posts\/2953\/revisions"}],"predecessor-version":[{"id":2956,"href":"http:\/\/heimatverein.he-webpack.de\/index.php?rest_route=\/wp\/v2\/posts\/2953\/revisions\/2956"}],"wp:attachment":[{"href":"http:\/\/heimatverein.he-webpack.de\/index.php?rest_route=%2Fwp%2Fv2%2Fmedia&parent=2953"}],"wp:term":[{"taxonomy":"category","embeddable":true,"href":"http:\/\/heimatverein.he-webpack.de\/index.php?rest_route=%2Fwp%2Fv2%2Fcategories&post=2953"},{"taxonomy":"post_tag","embeddable":true,"href":"http:\/\/heimatverein.he-webpack.de\/index.php?rest_route=%2Fwp%2Fv2%2Ftags&post=2953"}],"curies":[{"name":"wp","href":"https:\/\/api.w.org\/{rel}","templated":true}]}}