{"id":2150,"date":"2011-06-20T15:02:01","date_gmt":"2011-06-20T13:02:01","guid":{"rendered":"http:\/\/heimatverein.he-webpack.de\/?p=2150"},"modified":"2012-04-10T10:57:43","modified_gmt":"2012-04-10T08:57:43","slug":"ausflug-des-heimatverein-2","status":"publish","type":"post","link":"http:\/\/heimatverein.he-webpack.de\/?p=2150","title":{"rendered":"Ausflug 2011 des Heimatverein"},"content":{"rendered":"<p><a href=\"http:\/\/heimatverein.he-webpack.de\/wp-content\/uploads\/2011\/06\/Ausflug-Moordorf-2.jpg\" rel=\"lightbox[2150]\"><img loading=\"lazy\" decoding=\"async\" src=\"http:\/\/heimatverein.he-webpack.de\/wp-content\/uploads\/2011\/06\/Ausflug-Moordorf-2-300x96.jpg\" alt=\"Ausflug Moordorf \" title=\"Ausflug Moordorf \" width=\"300\" height=\"96\" class=\"alignleft size-medium wp-image-2210\" srcset=\"http:\/\/heimatverein.he-webpack.de\/wp-content\/uploads\/2011\/06\/Ausflug-Moordorf-2-300x96.jpg 300w, http:\/\/heimatverein.he-webpack.de\/wp-content\/uploads\/2011\/06\/Ausflug-Moordorf-2.jpg 900w\" sizes=\"auto, (max-width: 300px) 100vw, 300px\" \/><\/a>05.09.2011 UB &#8211; In diesem Jahr ging es am 03. Sept. um 13 Uhr mit dem Emsland Express zum <a href=\"http:\/\/www.moormuseum-moordorf.de\">&#8222;Moormuseum Moordorf&#8220;<\/a> im S\u00fcdbrookmerland bei Aurich. Nordwestlich von Aurich lag einst eine Moorgegend, an der die Zivilisation lange Jahre vorbeiging. Noch um 1900 wohnte man dort in &#8222;Kluttenh\u00fctten&#8220;. Der Torfabau in Fehnkolonie hatte dort erst (nicht wie in Papenburg schon Ende des 17. Jahrhunderts) Ende der 1800er Jahre eingesetzt weil ein Fehnkanal erst Anfang der 1880er Jahre gebaut wurde. Deshalb ist dort die alte Kultur erhalten geblieben. 35 Mitglieder des Heimatverein begleiteten uns. Anne und Hermann Schmitz hatte die Fahrt vorbereitet. Nach einer sch\u00f6nen Kaffeetafel vor dem Gulfhaus der Anlage ging es nach einer kurzen Begr\u00fc\u00dfung und einem Kurzfilm in das gro\u00dfe Gel\u00e4nde mit vielen Geb\u00e4uden und Aufbauten. Authentisch nachgebaute Lehmh\u00e4user, Moor- und Plaggenh\u00e4user, Moorschaustiche und das Leben der Moorbauern vergangener Tage sind dargestellt. \u00c4hnlich arbeiteten auch die Moorcolonisten aus B\u00f6rger im vor 250 Jahre entstehenden Neub\u00f6rger und Breddenberg. Auf der R\u00fcckfahrt kehrte man im Gasthof Pollmeyer in Vordersten Th\u00fcle ein und kam gest\u00e4rkt gegen 21.00 Uhr in B\u00f6rger wieder an. <\/p>\n","protected":false},"excerpt":{"rendered":"<p>05.09.2011 UB &#8211; In diesem Jahr ging es am 03. Sept. um 13 Uhr mit dem Emsland Express zum &#8222;Moormuseum Moordorf&#8220; im S\u00fcdbrookmerland bei Aurich. Nordwestlich von Aurich lag einst eine Moorgegend, an der die Zivilisation lange Jahre vorbeiging. Noch um 1900 wohnte man dort in &#8222;Kluttenh\u00fctten&#8220;. Der Torfabau in Fehnkolonie hatte dort erst (nicht [&#8230;]<\/p>\n","protected":false},"author":2,"featured_media":0,"comment_status":"closed","ping_status":"open","sticky":false,"template":"","format":"standard","meta":{"ngg_post_thumbnail":0,"footnotes":""},"categories":[3],"tags":[],"class_list":["post-2150","post","type-post","status-publish","format-standard","hentry","category-neuigkeiten","odd"],"_links":{"self":[{"href":"http:\/\/heimatverein.he-webpack.de\/index.php?rest_route=\/wp\/v2\/posts\/2150","targetHints":{"allow":["GET"]}}],"collection":[{"href":"http:\/\/heimatverein.he-webpack.de\/index.php?rest_route=\/wp\/v2\/posts"}],"about":[{"href":"http:\/\/heimatverein.he-webpack.de\/index.php?rest_route=\/wp\/v2\/types\/post"}],"author":[{"embeddable":true,"href":"http:\/\/heimatverein.he-webpack.de\/index.php?rest_route=\/wp\/v2\/users\/2"}],"replies":[{"embeddable":true,"href":"http:\/\/heimatverein.he-webpack.de\/index.php?rest_route=%2Fwp%2Fv2%2Fcomments&post=2150"}],"version-history":[{"count":22,"href":"http:\/\/heimatverein.he-webpack.de\/index.php?rest_route=\/wp\/v2\/posts\/2150\/revisions"}],"predecessor-version":[{"id":2153,"href":"http:\/\/heimatverein.he-webpack.de\/index.php?rest_route=\/wp\/v2\/posts\/2150\/revisions\/2153"}],"wp:attachment":[{"href":"http:\/\/heimatverein.he-webpack.de\/index.php?rest_route=%2Fwp%2Fv2%2Fmedia&parent=2150"}],"wp:term":[{"taxonomy":"category","embeddable":true,"href":"http:\/\/heimatverein.he-webpack.de\/index.php?rest_route=%2Fwp%2Fv2%2Fcategories&post=2150"},{"taxonomy":"post_tag","embeddable":true,"href":"http:\/\/heimatverein.he-webpack.de\/index.php?rest_route=%2Fwp%2Fv2%2Ftags&post=2150"}],"curies":[{"name":"wp","href":"https:\/\/api.w.org\/{rel}","templated":true}]}}