{"id":2137,"date":"2011-04-27T11:34:04","date_gmt":"2011-04-27T09:34:04","guid":{"rendered":"http:\/\/heimatverein.he-webpack.de\/?p=2137"},"modified":"2011-04-28T04:52:52","modified_gmt":"2011-04-28T02:52:52","slug":"ostern-am-opferstein","status":"publish","type":"post","link":"http:\/\/heimatverein.he-webpack.de\/?p=2137","title":{"rendered":"Ostern am Opferstein"},"content":{"rendered":"<p><div id=\"attachment_2138\" style=\"width: 160px\" class=\"wp-caption alignleft\"><a href=\"http:\/\/heimatverein.he-webpack.de\/wp-content\/uploads\/2011\/04\/Ostern-Fahne-hissen.jpg\" rel=\"lightbox[2137]\"><img loading=\"lazy\" decoding=\"async\" aria-describedby=\"caption-attachment-2138\" src=\"http:\/\/heimatverein.he-webpack.de\/wp-content\/uploads\/2011\/04\/Ostern-Fahne-hissen-150x150.jpg\" alt=\"Fahne hoch zu Ostern - am Opferstein\" title=\"Ostern Fahne hissen\" width=\"150\" height=\"150\" class=\"size-thumbnail wp-image-2138\" \/><\/a><p id=\"caption-attachment-2138\" class=\"wp-caption-text\">Fahne hoch zu Ostern - am Opferstein<\/p><\/div> 26.04.2011 UB &#8211; An vielen Stellen in B\u00f6rger treffen sich zu Ostersonntag Nachbarn um gemeinsam auf den Feiertag anzusto\u00dfen, so auch am Opferstein in B\u00f6rger. Zum 20. Mal (so lange gibt es diese Nachbargemeinschaft) war am Opferstein &#8222;Eiersuchen&#8220; angesagt. Mit einem Gl\u00e4schen Sekt oder Bier angesto\u00dfen, machte es Spa\u00df bei herrlichstem Sommerwetter im  Freien zu sitzen. Obligatorisch wurde zu Ostern die &#8222;B\u00f6rger Fahne&#8220; aufgezogen.<\/p>\n<p>Ostern ist in diesem Jahr sehr sp\u00e4t. Auf Grund neutestamentlicher \u00dcberlieferung wurde der Ostertermin auf den ersten Sonntag nach dem Fr\u00fchlingsvollmond festgelegt. Fr\u00fchester Fr\u00fchlingsvollmond ist der 21. M\u00e4rz, so dass der fr\u00fcheste Ostersonntag auf den 22. M\u00e4rz f\u00e4llt. Sp\u00e4testes Osterdatum ist der 25. April. Der Sp\u00e4ttermin \u201e25. April\u201c kam nach der Kalenderreform in den Jahren 1666, 1734, 1886 und 1943 vor, das n\u00e4chste Mal wird im Jahre 2038 sein. Statistisch kommt das in einem Prozent aller F\u00e4lle (also etwa alle 100 Jahre einmal) vor. 2011 f\u00e4llt Ostern auf den zweitsp\u00e4testen Termin am 24. April. Der gregorianischen Reform von 1582 ist der Fr\u00fchtermin \u201e22. M\u00e4rz\u201c nur in den Jahren 1598, 1693, 1761 und 1818 vorgekommen, das n\u00e4chste Mal wird erst im Jahre 2285 sein. Statistisch kommt dieses Datum in 0,5 % aller F\u00e4lle (also etwa alle 200 Jahre einmal) vor. 2008 fiel Ostern auf den 23. M\u00e4rz, also auch auf den zweitfr\u00fchesten Termin. Diesen Ostertermin gab es zuletzt 1913, das n\u00e4chste Mal wird 2160 sein (statistische H\u00e4ufigkeit 0,7 %).Der Sp\u00e4ttermin \u201e25. April\u201c kam nach der Kalenderreform in den Jahren 1666, 1734, 1886 und 1943 vor, das n\u00e4chste Mal wird im Jahre 2038 sein. Statistisch kommt das in einem Prozent aller F\u00e4lle (also etwa alle 100 Jahre einmal) vor.<\/p>\n","protected":false},"excerpt":{"rendered":"<p><p id=\"caption-attachment-2138\" class=\"wp-caption-text\">Fahne hoch zu Ostern &#8211; am Opferstein<\/p>\n<p> 26.04.2011 UB &#8211; An vielen Stellen in B\u00f6rger treffen sich zu Ostersonntag Nachbarn um gemeinsam auf den Feiertag anzusto\u00dfen, so auch am Opferstein in B\u00f6rger. Zum 20. Mal (so lange gibt es diese Nachbargemeinschaft) war am Opferstein &#8222;Eiersuchen&#8220; angesagt. Mit einem Gl\u00e4schen Sekt oder Bier angesto\u00dfen, [&#8230;]<\/p>\n","protected":false},"author":2,"featured_media":0,"comment_status":"closed","ping_status":"open","sticky":false,"template":"","format":"standard","meta":{"ngg_post_thumbnail":0,"footnotes":""},"categories":[3],"tags":[],"class_list":["post-2137","post","type-post","status-publish","format-standard","hentry","category-neuigkeiten","odd"],"_links":{"self":[{"href":"http:\/\/heimatverein.he-webpack.de\/index.php?rest_route=\/wp\/v2\/posts\/2137","targetHints":{"allow":["GET"]}}],"collection":[{"href":"http:\/\/heimatverein.he-webpack.de\/index.php?rest_route=\/wp\/v2\/posts"}],"about":[{"href":"http:\/\/heimatverein.he-webpack.de\/index.php?rest_route=\/wp\/v2\/types\/post"}],"author":[{"embeddable":true,"href":"http:\/\/heimatverein.he-webpack.de\/index.php?rest_route=\/wp\/v2\/users\/2"}],"replies":[{"embeddable":true,"href":"http:\/\/heimatverein.he-webpack.de\/index.php?rest_route=%2Fwp%2Fv2%2Fcomments&post=2137"}],"version-history":[{"count":7,"href":"http:\/\/heimatverein.he-webpack.de\/index.php?rest_route=\/wp\/v2\/posts\/2137\/revisions"}],"predecessor-version":[{"id":2140,"href":"http:\/\/heimatverein.he-webpack.de\/index.php?rest_route=\/wp\/v2\/posts\/2137\/revisions\/2140"}],"wp:attachment":[{"href":"http:\/\/heimatverein.he-webpack.de\/index.php?rest_route=%2Fwp%2Fv2%2Fmedia&parent=2137"}],"wp:term":[{"taxonomy":"category","embeddable":true,"href":"http:\/\/heimatverein.he-webpack.de\/index.php?rest_route=%2Fwp%2Fv2%2Fcategories&post=2137"},{"taxonomy":"post_tag","embeddable":true,"href":"http:\/\/heimatverein.he-webpack.de\/index.php?rest_route=%2Fwp%2Fv2%2Ftags&post=2137"}],"curies":[{"name":"wp","href":"https:\/\/api.w.org\/{rel}","templated":true}]}}