{"id":2130,"date":"2011-04-27T10:54:12","date_gmt":"2011-04-27T08:54:12","guid":{"rendered":"http:\/\/heimatverein.he-webpack.de\/?p=2130"},"modified":"2011-04-27T11:06:35","modified_gmt":"2011-04-27T09:06:35","slug":"lesung-von-hermann-may-mitgliederversammlung","status":"publish","type":"post","link":"http:\/\/heimatverein.he-webpack.de\/?p=2130","title":{"rendered":"Lesung von Hermann May &#8211; Mitgliederversammlung"},"content":{"rendered":"<p><div id=\"attachment_2134\" style=\"width: 160px\" class=\"wp-caption alignright\"><a href=\"http:\/\/heimatverein.he-webpack.de\/wp-content\/uploads\/2011\/04\/May-900-x-750.jpg\" rel=\"lightbox[2130]\"><img loading=\"lazy\" decoding=\"async\" aria-describedby=\"caption-attachment-2134\" src=\"http:\/\/heimatverein.he-webpack.de\/wp-content\/uploads\/2011\/04\/May-900-x-750-150x150.jpg\" alt=\"Ausdrucksstark trug May die Texte vor.\" title=\"May 900 x 750\" width=\"150\" height=\"150\" class=\"size-thumbnail wp-image-2134\" \/><\/a><p id=\"caption-attachment-2134\" class=\"wp-caption-text\">Ausdrucksstark trug May die Texte vor.<\/p><\/div>29.03.2011 UB &#8211; Auf der Mitgliederversammlung am 27. M\u00e4rz 2011 berichtete Hermann Schmitz vom zur\u00fcckliegenden Vereinsjahr. Er konnte von zahlreichen Aktivit\u00e4ten f\u00fcr das Dorf und die Bev\u00f6lkerung berichten. So habe man Reinigungsarbeiten am Heimathaus erledigt, einen Ausflug gemacht, gewandert, eine neue Jahresschrift aufgelegt, einen Fotowettbewerb veranstaltet und Einzelne, Gruppen und die Gemeinde unterst\u00fctzt. Das Ansinnen, die &#8222;Zehntscheune&#8220; am Heimathaus wieder entstehen zu lassen sei jedoch nicht gelungen. Heinz Oldiges konnte von einem gesunden Kassenbestand berichten. Die Kasse sei gepr\u00fcft und ordentlich gef\u00fchrt berichteten anschlie\u00dfend die Kassenpr\u00fcfer. Die Versammlung verlief harmonisch und die 37 anwesenden Vereinsmitglieder entlasteten den gesamten Vorstand anschlie\u00dfend einstimmig. Bei den anstehenden Wahlen wurde der Vereinsvorsitzende Hermann Schmitz einstimmig wiedergew\u00e4hlt. Auch der Schriftf\u00fchrer Hermann Ubbenjans und die Kassenpr\u00fcfer Helene W\u00f6ste und Hans Geers wurden ohne Gegenkandidaten in seinem Amt best\u00e4tigt. &#8211; Als Gast hatte man Hermann May aus Meppen eingeladen. Er stammt aus Werlte und ist ein Kenner der plattdeutschen Sprache und der Arbeiten von Albert Trautmann. Er las aus den H\u00fcmmlinger Skizzen und fand hier im Heimathaus ein interessiertes Publikum. Gespickt wurden die Geschichten des Apothekers Albert Trautmann mit Eigengedichten Hermann Mays aus seinem Buch &#8222;Finntlinge&#8220;. Die Zuh\u00f6rer schwankten zwischen Schmunzeln \u00fcber den Witz der Erz\u00e4hlungen, Staunen \u00fcber das alte Plattd\u00fctsk und Fazination der Gedankenwelt unserer H\u00fcmmlinger Vorfahren. Die Versammlung fand erstmalig an einem Sonntagnachmittag bei Kaffee und Kuchen statt. Fotos der Veranstaltung sind <a href=\"http:\/\/heimatverein.he-webpack.de\/?page_id=21 \">im Fotoarchiv <\/a>hinterlegt.<\/p>\n","protected":false},"excerpt":{"rendered":"<p><p id=\"caption-attachment-2134\" class=\"wp-caption-text\">Ausdrucksstark trug May die Texte vor.<\/p>\n<p>29.03.2011 UB &#8211; Auf der Mitgliederversammlung am 27. M\u00e4rz 2011 berichtete Hermann Schmitz vom zur\u00fcckliegenden Vereinsjahr. Er konnte von zahlreichen Aktivit\u00e4ten f\u00fcr das Dorf und die Bev\u00f6lkerung berichten. So habe man Reinigungsarbeiten am Heimathaus erledigt, einen Ausflug gemacht, gewandert, eine neue Jahresschrift aufgelegt, einen Fotowettbewerb veranstaltet und Einzelne, [&#8230;]<\/p>\n","protected":false},"author":2,"featured_media":0,"comment_status":"closed","ping_status":"open","sticky":false,"template":"","format":"standard","meta":{"ngg_post_thumbnail":0,"footnotes":""},"categories":[3],"tags":[],"class_list":["post-2130","post","type-post","status-publish","format-standard","hentry","category-neuigkeiten","odd"],"_links":{"self":[{"href":"http:\/\/heimatverein.he-webpack.de\/index.php?rest_route=\/wp\/v2\/posts\/2130","targetHints":{"allow":["GET"]}}],"collection":[{"href":"http:\/\/heimatverein.he-webpack.de\/index.php?rest_route=\/wp\/v2\/posts"}],"about":[{"href":"http:\/\/heimatverein.he-webpack.de\/index.php?rest_route=\/wp\/v2\/types\/post"}],"author":[{"embeddable":true,"href":"http:\/\/heimatverein.he-webpack.de\/index.php?rest_route=\/wp\/v2\/users\/2"}],"replies":[{"embeddable":true,"href":"http:\/\/heimatverein.he-webpack.de\/index.php?rest_route=%2Fwp%2Fv2%2Fcomments&post=2130"}],"version-history":[{"count":4,"href":"http:\/\/heimatverein.he-webpack.de\/index.php?rest_route=\/wp\/v2\/posts\/2130\/revisions"}],"predecessor-version":[{"id":2133,"href":"http:\/\/heimatverein.he-webpack.de\/index.php?rest_route=\/wp\/v2\/posts\/2130\/revisions\/2133"}],"wp:attachment":[{"href":"http:\/\/heimatverein.he-webpack.de\/index.php?rest_route=%2Fwp%2Fv2%2Fmedia&parent=2130"}],"wp:term":[{"taxonomy":"category","embeddable":true,"href":"http:\/\/heimatverein.he-webpack.de\/index.php?rest_route=%2Fwp%2Fv2%2Fcategories&post=2130"},{"taxonomy":"post_tag","embeddable":true,"href":"http:\/\/heimatverein.he-webpack.de\/index.php?rest_route=%2Fwp%2Fv2%2Ftags&post=2130"}],"curies":[{"name":"wp","href":"https:\/\/api.w.org\/{rel}","templated":true}]}}