{"id":2098,"date":"2011-03-24T12:54:30","date_gmt":"2011-03-24T11:54:30","guid":{"rendered":"http:\/\/heimatverein.he-webpack.de\/?p=2098"},"modified":"2011-03-24T15:59:21","modified_gmt":"2011-03-24T14:59:21","slug":"groser-preis-von-borger","status":"publish","type":"post","link":"http:\/\/heimatverein.he-webpack.de\/?p=2098","title":{"rendered":"Gro\u00dfer Preis von B\u00f6rger"},"content":{"rendered":"<p><a href=\"http:\/\/heimatverein.he-webpack.de\/wp-content\/uploads\/2011\/03\/Radr-1.jpg\" rel=\"lightbox[2098]\"><img loading=\"lazy\" decoding=\"async\" src=\"http:\/\/heimatverein.he-webpack.de\/wp-content\/uploads\/2011\/03\/Radr-1-150x150.jpg\" alt=\"Gro\u00dfer Preis von B\u00f6rger\" title=\"Gro\u00dfer Preis von B\u00f6rger\" width=\"150\" height=\"150\" class=\"alignleft size-thumbnail wp-image-2095\" \/><\/a>21.03.2011 UB &#8211; Der Radsportverband Weser-Ems veranstaltete zum Saisonauftakt am 20. M\u00e4rz 2011 ein gro\u00dfes Rennen &#8222;Rund um den Opferstein&#8220; in B\u00f6rger. In den vergangenen Jahren waren Niederl\u00e4ndische Vereine und Gruppen im Jugendg\u00e4stehaus B\u00f6rger zu Gast, und hatten wohl Gefallen an den sch\u00f6nen Strecken rund um B\u00f6rger gefunden. In den letzten Jahren war diese Veranstaltung des Radsportverbandes in B\u00f6rgerwald. Bei herrlichstem Fr\u00fchlingswetter ging es um 10 Uhr mit einem 70 Fahrern starken Feld der Senioren los. Danach starteten die einzelnen Alterskassen der Junioren und weitere Klassen der Senioren. Um 15 Uhr starteten die Profis in den Klassen C und A \/ B. Bei diesem Rennen k\u00f6nnen die Profis Punkte sammeln um weiter in den Klassen aufzusteigen. Mit am Start war in der Klasse Profis C, Stefan Hanneken aus Esterwegen. Er startet f\u00fcr Blau Wei\u00df D\u00f6rpen. Im Rennen C mit \u00fcber 70 Teilnehmern konnte Nikolaus L\u00fctjens \u00fcberlegen gewinnen. Insgesamt waren \u00fcber 500 Radsportler aus ganz Deutschland, D\u00e4nemark und vor allem aus den Niederlanden am Start. Das Jugendg\u00e4stehaus sorgte f\u00fcr Verpflegung. Unterst\u00fctzung erhielt man von der Gemeinde B\u00f6rger, dem Sportverein DJK Eintracht B\u00f6rger, der Freiwilligen Feuerwehr B\u00f6rger, dem DRK und der Polizei. &#8222;Dieses sollte man in den n\u00e4chsten Jahren wiederholen und logistisch noch ausbauen &#8211; meinten viele Zuschauer!&#8220;  Eine sch\u00f6ne Kulisse bot sich gegen Mittag an der Neub\u00f6rgerstra\u00dfe in B\u00f6rger beim Spurt \u00fcber die Ziellinie in der Gruppe Senioren II. Weitere Bilder sind auf der <a href=\"http:\/\/heimatverein.he-webpack.de\/?page_id=21\">Fotosammlung<\/a> zu sehen!<\/p>\n","protected":false},"excerpt":{"rendered":"<p>21.03.2011 UB &#8211; Der Radsportverband Weser-Ems veranstaltete zum Saisonauftakt am 20. M\u00e4rz 2011 ein gro\u00dfes Rennen &#8222;Rund um den Opferstein&#8220; in B\u00f6rger. In den vergangenen Jahren waren Niederl\u00e4ndische Vereine und Gruppen im Jugendg\u00e4stehaus B\u00f6rger zu Gast, und hatten wohl Gefallen an den sch\u00f6nen Strecken rund um B\u00f6rger gefunden. In den letzten Jahren war diese Veranstaltung [&#8230;]<\/p>\n","protected":false},"author":2,"featured_media":0,"comment_status":"closed","ping_status":"open","sticky":false,"template":"","format":"standard","meta":{"ngg_post_thumbnail":0,"footnotes":""},"categories":[3],"tags":[],"class_list":["post-2098","post","type-post","status-publish","format-standard","hentry","category-neuigkeiten","odd"],"_links":{"self":[{"href":"http:\/\/heimatverein.he-webpack.de\/index.php?rest_route=\/wp\/v2\/posts\/2098","targetHints":{"allow":["GET"]}}],"collection":[{"href":"http:\/\/heimatverein.he-webpack.de\/index.php?rest_route=\/wp\/v2\/posts"}],"about":[{"href":"http:\/\/heimatverein.he-webpack.de\/index.php?rest_route=\/wp\/v2\/types\/post"}],"author":[{"embeddable":true,"href":"http:\/\/heimatverein.he-webpack.de\/index.php?rest_route=\/wp\/v2\/users\/2"}],"replies":[{"embeddable":true,"href":"http:\/\/heimatverein.he-webpack.de\/index.php?rest_route=%2Fwp%2Fv2%2Fcomments&post=2098"}],"version-history":[{"count":4,"href":"http:\/\/heimatverein.he-webpack.de\/index.php?rest_route=\/wp\/v2\/posts\/2098\/revisions"}],"predecessor-version":[{"id":2100,"href":"http:\/\/heimatverein.he-webpack.de\/index.php?rest_route=\/wp\/v2\/posts\/2098\/revisions\/2100"}],"wp:attachment":[{"href":"http:\/\/heimatverein.he-webpack.de\/index.php?rest_route=%2Fwp%2Fv2%2Fmedia&parent=2098"}],"wp:term":[{"taxonomy":"category","embeddable":true,"href":"http:\/\/heimatverein.he-webpack.de\/index.php?rest_route=%2Fwp%2Fv2%2Fcategories&post=2098"},{"taxonomy":"post_tag","embeddable":true,"href":"http:\/\/heimatverein.he-webpack.de\/index.php?rest_route=%2Fwp%2Fv2%2Ftags&post=2098"}],"curies":[{"name":"wp","href":"https:\/\/api.w.org\/{rel}","templated":true}]}}