{"id":1976,"date":"2010-11-30T10:39:11","date_gmt":"2010-11-30T09:39:11","guid":{"rendered":"http:\/\/heimatverein.he-webpack.de\/?p=1976"},"modified":"2011-02-02T11:36:09","modified_gmt":"2011-02-02T10:36:09","slug":"use-borger-2010-ist-auf-dem-markt","status":"publish","type":"post","link":"http:\/\/heimatverein.he-webpack.de\/?p=1976","title":{"rendered":"Use Borger 2010 ist auf dem Markt"},"content":{"rendered":"<p><a href=\"http:\/\/heimatverein.he-webpack.de\/wp-content\/uploads\/2010\/11\/VorstellungUseBg2010_thumb1.jpg\" rel=\"lightbox[1976]\"><img loading=\"lazy\" decoding=\"async\" src=\"http:\/\/heimatverein.he-webpack.de\/wp-content\/uploads\/2010\/11\/VorstellungUseBg2010_thumb1-150x150.jpg\" alt=\"Vorstellung Use Borger 2010\" title=\"Vorstellung Use Borger 2010\" width=\"150\" height=\"150\" class=\"alignright size-thumbnail wp-image-1978\" \/><\/a>30.11.2010 UB &#8211; P\u00fcnktlich zum 1. Advent erschien auch in diesem Jahr die neue Jahresschrift des Heimatverein B\u00f6rger. Eingeladen hatte der Heimatverein seine Mitglieder und G\u00e4ste zum 27.11.2010 ins Heimathaus. Bernd Gebkenjans (auf dem Bild) stellte hier die Jahresschrift vor. Doch zuvor gab es ein Gr\u00fcnkohl und Pinkel. Musikalisch umrahmt wurde die Veranstaltung von Hannes Langen Erikastra\u00dfe, der auf seiner Trompete einige St\u00fccke zum Advent zum Besten gab. An diesem Abend wurden auch die Preistr\u00e4ger des Fotowettbewerbes bekannt gegeben. Hauptteil der neuen Jahresschrift sind Geschichten aus und kurz nach dem II. Weltkrieg. Denn noch gibt es Zeitzeugen die von der schweren Zeit berichten k\u00f6nnen. Reinhard Rolfes aus Bielefeld (geb\u00fcrtig aus B\u00f6rger) hat \u00fcber Monate zusammen mit Hans Geers und Weiteren die Materialien zusammengetragen, sortiert und kommentiert. Bernd Gebkenjans berichtet von ehemaligen Spiegel-Redakteur Gerhard Kromschr\u00f6der, der in den 60er Jahren in B\u00f6rger fotografierte. Hermann Ubbenjans trug alte Gedichte und Waisen zusammen. Abgerundet wird das 184 seitige Werk von einem \u201cAktuellen Teil\u201d. Das Buch ist f\u00fcr 17 Euro bei allen bekannten Verkaufsstellen, (VoBa B\u00f6rger, OLB B\u00f6rger, Fris\u00f6r Gerdes, Lebensmittel Funke, Getr\u00e4nkemarkt Klaas, Blumenhandel am Brink, Hobbyscheune Ermes, Winzerei T\u00f6bben und bei Buten u. Binnen zu bekommen.<\/p>\n","protected":false},"excerpt":{"rendered":"<p>30.11.2010 UB &#8211; P\u00fcnktlich zum 1. Advent erschien auch in diesem Jahr die neue Jahresschrift des Heimatverein B\u00f6rger. Eingeladen hatte der Heimatverein seine Mitglieder und G\u00e4ste zum 27.11.2010 ins Heimathaus. Bernd Gebkenjans (auf dem Bild) stellte hier die Jahresschrift vor. Doch zuvor gab es ein Gr\u00fcnkohl und Pinkel. Musikalisch umrahmt wurde die Veranstaltung von Hannes [&#8230;]<\/p>\n","protected":false},"author":2,"featured_media":0,"comment_status":"closed","ping_status":"open","sticky":false,"template":"","format":"standard","meta":{"ngg_post_thumbnail":0,"footnotes":""},"categories":[3],"tags":[],"class_list":["post-1976","post","type-post","status-publish","format-standard","hentry","category-neuigkeiten","odd"],"_links":{"self":[{"href":"http:\/\/heimatverein.he-webpack.de\/index.php?rest_route=\/wp\/v2\/posts\/1976","targetHints":{"allow":["GET"]}}],"collection":[{"href":"http:\/\/heimatverein.he-webpack.de\/index.php?rest_route=\/wp\/v2\/posts"}],"about":[{"href":"http:\/\/heimatverein.he-webpack.de\/index.php?rest_route=\/wp\/v2\/types\/post"}],"author":[{"embeddable":true,"href":"http:\/\/heimatverein.he-webpack.de\/index.php?rest_route=\/wp\/v2\/users\/2"}],"replies":[{"embeddable":true,"href":"http:\/\/heimatverein.he-webpack.de\/index.php?rest_route=%2Fwp%2Fv2%2Fcomments&post=1976"}],"version-history":[{"count":4,"href":"http:\/\/heimatverein.he-webpack.de\/index.php?rest_route=\/wp\/v2\/posts\/1976\/revisions"}],"predecessor-version":[{"id":2082,"href":"http:\/\/heimatverein.he-webpack.de\/index.php?rest_route=\/wp\/v2\/posts\/1976\/revisions\/2082"}],"wp:attachment":[{"href":"http:\/\/heimatverein.he-webpack.de\/index.php?rest_route=%2Fwp%2Fv2%2Fmedia&parent=1976"}],"wp:term":[{"taxonomy":"category","embeddable":true,"href":"http:\/\/heimatverein.he-webpack.de\/index.php?rest_route=%2Fwp%2Fv2%2Fcategories&post=1976"},{"taxonomy":"post_tag","embeddable":true,"href":"http:\/\/heimatverein.he-webpack.de\/index.php?rest_route=%2Fwp%2Fv2%2Ftags&post=1976"}],"curies":[{"name":"wp","href":"https:\/\/api.w.org\/{rel}","templated":true}]}}