{"id":1848,"date":"2010-10-03T23:30:59","date_gmt":"2010-10-03T21:30:59","guid":{"rendered":"http:\/\/heimatverein.he-webpack.de\/?p=1848"},"modified":"2010-10-04T10:00:50","modified_gmt":"2010-10-04T08:00:50","slug":"kirmes-2010-in-brger","status":"publish","type":"post","link":"http:\/\/heimatverein.he-webpack.de\/?p=1848","title":{"rendered":"Kirmes und Erntedank 2010 in B&ouml;rger"},"content":{"rendered":"<p align=\"justify\"><a href=\"http:\/\/heimatverein.he-webpack.de\/wp-content\/uploads\/2010\/10\/Collage-gro&szlig;.jpg\"><img loading=\"lazy\" decoding=\"async\" class=\"alignright size-medium wp-image-1858\" title=\"Kirmes 03. Okt. 2010\" style=\"display: inline; margin-left: 0px; margin-right: 0px\" height=\"300\" alt=\"Kirmes 03. Okt. 2010\" src=\"http:\/\/heimatverein.he-webpack.de\/wp-content\/uploads\/2010\/10\/Collage-gro&szlig;-281x300.jpg\" width=\"281\" align=\"right\" \/><\/a>05.10.2010 UB &#8211; Bei wundersch\u00f6nem Fr\u00fchherbstwetter fand in B\u00f6rger am ersten Oktoberwochenende die traditionelle Kirmes und das Erntedankfest statt. Am Sonntag zog um 14.00 Uhr ein beachtlicher Umzug von Kindergruppen, 9 gro\u00dfen Motivwagen und Musikern durch den Ort zum Festzelt auf dem Sch\u00fctzenplatz. Hier wurden dann die Erntewagen pr\u00e4miert. Die Kolpingfamilie bewirtete die \u00e4lteren Mitb\u00fcrger, die von der Gemeinde eingeladen wurden. In diesem Jahr wurde die ehrenamtlichen Betreuer des Sankt-Josef-Stiftes vom Ehrungsausschuss geehrt. B\u00fcrgermeister Hermann Rekers \u00fcberreicht den \u00e4ltesten anwesenden Gemeindemitgliedern ein Pr\u00e4sent. Die Tanzgruppe des Heimatverein B\u00f6rger, die H\u00fcmmlinger Musikanten und der Musikverein Werpeloh spielten und tanzten zur Unterhaltung auf. Abend sorgt die Party-Band \u201cIncognito\u201d f\u00fcr Stimmung und Tanzvergn\u00fcgen. Montags ist der traditionelle Viehmarkt mit ausgelassener Stimmung unter den Linden auf dem Festplatz. Auf dem oberen Bild sieht man in der vorderen Reihe die Geehrten (v.l.): Mechtild Westerhoff, Margaretha Ubbenjans, Barbara Jablonski, Mike Karp, Barbara Skriebeleit und im Hintergrund die Mitglieder des Ausschusses f\u00fcr die Ehrungen der Gemeinde (v.l.): Klaus Fleer, Robert Klassen, J\u00fcrgen Ermes, Konrad Ubbenjans, Gerd L\u00fcbbers und Stv. Bgm. Hermann Geers. Auf dem Bild unten ist die Tanzgruppe des Heimatverein in Aktion. Die Frauenformation zeigte einige neu einstudierte T\u00e4nze.<\/p>\n","protected":false},"excerpt":{"rendered":"<p align=\"justify\">05.10.2010 UB &#8211; Bei wundersch\u00f6nem Fr\u00fchherbstwetter fand in B\u00f6rger am ersten Oktoberwochenende die traditionelle Kirmes und das Erntedankfest statt. Am Sonntag zog um 14.00 Uhr ein beachtlicher Umzug von Kindergruppen, 9 gro\u00dfen Motivwagen und Musikern durch den Ort zum Festzelt auf dem Sch\u00fctzenplatz. Hier wurden dann die Erntewagen pr\u00e4miert. Die Kolpingfamilie bewirtete die \u00e4lteren [&#8230;]<\/p>\n","protected":false},"author":2,"featured_media":0,"comment_status":"closed","ping_status":"open","sticky":false,"template":"","format":"standard","meta":{"ngg_post_thumbnail":0,"footnotes":""},"categories":[3],"tags":[],"class_list":["post-1848","post","type-post","status-publish","format-standard","hentry","category-neuigkeiten","odd"],"_links":{"self":[{"href":"http:\/\/heimatverein.he-webpack.de\/index.php?rest_route=\/wp\/v2\/posts\/1848","targetHints":{"allow":["GET"]}}],"collection":[{"href":"http:\/\/heimatverein.he-webpack.de\/index.php?rest_route=\/wp\/v2\/posts"}],"about":[{"href":"http:\/\/heimatverein.he-webpack.de\/index.php?rest_route=\/wp\/v2\/types\/post"}],"author":[{"embeddable":true,"href":"http:\/\/heimatverein.he-webpack.de\/index.php?rest_route=\/wp\/v2\/users\/2"}],"replies":[{"embeddable":true,"href":"http:\/\/heimatverein.he-webpack.de\/index.php?rest_route=%2Fwp%2Fv2%2Fcomments&post=1848"}],"version-history":[{"count":10,"href":"http:\/\/heimatverein.he-webpack.de\/index.php?rest_route=\/wp\/v2\/posts\/1848\/revisions"}],"predecessor-version":[{"id":1860,"href":"http:\/\/heimatverein.he-webpack.de\/index.php?rest_route=\/wp\/v2\/posts\/1848\/revisions\/1860"}],"wp:attachment":[{"href":"http:\/\/heimatverein.he-webpack.de\/index.php?rest_route=%2Fwp%2Fv2%2Fmedia&parent=1848"}],"wp:term":[{"taxonomy":"category","embeddable":true,"href":"http:\/\/heimatverein.he-webpack.de\/index.php?rest_route=%2Fwp%2Fv2%2Fcategories&post=1848"},{"taxonomy":"post_tag","embeddable":true,"href":"http:\/\/heimatverein.he-webpack.de\/index.php?rest_route=%2Fwp%2Fv2%2Ftags&post=1848"}],"curies":[{"name":"wp","href":"https:\/\/api.w.org\/{rel}","templated":true}]}}