{"id":14346,"date":"2026-04-22T11:07:18","date_gmt":"2026-04-22T09:07:18","guid":{"rendered":"https:\/\/heimatverein.he-webpack.de\/?p=14346"},"modified":"2026-04-24T15:01:03","modified_gmt":"2026-04-24T13:01:03","slug":"klassentreffen-60-jahre-nach-einschulung","status":"publish","type":"post","link":"http:\/\/heimatverein.he-webpack.de\/?p=14346","title":{"rendered":"Klassentreffen &#8211; 60 Jahre nach Einschulung"},"content":{"rendered":"<p><a href=\"http:\/\/heimatverein.he-webpack.de\/wp-content\/uploads\/2026\/04\/Klassentreffen-900.jpg\" rel=\"lightbox[14346]\"><img loading=\"lazy\" decoding=\"async\" src=\"http:\/\/heimatverein.he-webpack.de\/wp-content\/uploads\/2026\/04\/Klassentreffen-900-200x150.jpg\" alt=\"\" width=\"200\" height=\"150\" class=\"alignright size-thumbnail wp-image-14339\" \/><\/a>22.04.2026 UB \u2013<\/p>\n<p>Im Jahr 1966 wurden in B\u00f6rger 65 Kinder eingeschult. Der Geburtsjahrgang 1959\/1960 war und ist der zweitgr\u00f6\u00dfte Jahrgang, der in B\u00f6rger eingeschult wurde. Die Kinder wurden in zwei Klassen aufgeteilt, wie es damals \u00fcblich war, gab es in ein Klasse &#8222;Ost&#8220; und eine Klasse aus dem &#8222;Westen&#8220; von B\u00f6rger. Eingeschult wurde man damals im Fr\u00fchjahr nach den Osterferien.<\/p>\n<p>Nun nach 60 Jahren trafen sich 34 ehemalige Sch\u00fcler am 18. April 2026 zu einer <strong>Feier im Heimathaus<\/strong>. Nach einer Begr\u00fc\u00dfung durch die Organisatoren ging es mit einem Planwagen zur alten Schule im Dorfzentrum von B\u00f6rger. Dort f\u00fchrte Ulrich W\u00f6ste die Klasse durch das Gemeindehaus, das damals die Schule war. Dann ging es weiter durch die B\u00f6rger Mark, bevor man im Heimathaus nach einem ausgiebigem Abendessen bis in die Nacht feierte.<\/p>\n","protected":false},"excerpt":{"rendered":"<p>22.04.2026 UB \u2013<\/p>\n<p>Im Jahr 1966 wurden in B\u00f6rger 65 Kinder eingeschult. Der Geburtsjahrgang 1959\/1960 war und ist der zweitgr\u00f6\u00dfte Jahrgang, der in B\u00f6rger eingeschult wurde. Die Kinder wurden in zwei Klassen aufgeteilt, wie es damals \u00fcblich war, gab es in ein Klasse &#8222;Ost&#8220; und eine Klasse aus dem &#8222;Westen&#8220; von B\u00f6rger. Eingeschult wurde man [&#8230;]<\/p>\n","protected":false},"author":2,"featured_media":0,"comment_status":"closed","ping_status":"open","sticky":false,"template":"","format":"standard","meta":{"ngg_post_thumbnail":0,"footnotes":""},"categories":[3],"tags":[],"class_list":["post-14346","post","type-post","status-publish","format-standard","hentry","category-neuigkeiten","odd"],"_links":{"self":[{"href":"http:\/\/heimatverein.he-webpack.de\/index.php?rest_route=\/wp\/v2\/posts\/14346","targetHints":{"allow":["GET"]}}],"collection":[{"href":"http:\/\/heimatverein.he-webpack.de\/index.php?rest_route=\/wp\/v2\/posts"}],"about":[{"href":"http:\/\/heimatverein.he-webpack.de\/index.php?rest_route=\/wp\/v2\/types\/post"}],"author":[{"embeddable":true,"href":"http:\/\/heimatverein.he-webpack.de\/index.php?rest_route=\/wp\/v2\/users\/2"}],"replies":[{"embeddable":true,"href":"http:\/\/heimatverein.he-webpack.de\/index.php?rest_route=%2Fwp%2Fv2%2Fcomments&post=14346"}],"version-history":[{"count":9,"href":"http:\/\/heimatverein.he-webpack.de\/index.php?rest_route=\/wp\/v2\/posts\/14346\/revisions"}],"predecessor-version":[{"id":14365,"href":"http:\/\/heimatverein.he-webpack.de\/index.php?rest_route=\/wp\/v2\/posts\/14346\/revisions\/14365"}],"wp:attachment":[{"href":"http:\/\/heimatverein.he-webpack.de\/index.php?rest_route=%2Fwp%2Fv2%2Fmedia&parent=14346"}],"wp:term":[{"taxonomy":"category","embeddable":true,"href":"http:\/\/heimatverein.he-webpack.de\/index.php?rest_route=%2Fwp%2Fv2%2Fcategories&post=14346"},{"taxonomy":"post_tag","embeddable":true,"href":"http:\/\/heimatverein.he-webpack.de\/index.php?rest_route=%2Fwp%2Fv2%2Ftags&post=14346"}],"curies":[{"name":"wp","href":"https:\/\/api.w.org\/{rel}","templated":true}]}}