{"id":14311,"date":"2026-04-17T00:22:42","date_gmt":"2026-04-16T22:22:42","guid":{"rendered":"https:\/\/heimatverein.he-webpack.de\/?p=14311"},"modified":"2026-04-22T11:28:12","modified_gmt":"2026-04-22T09:28:12","slug":"neues-mitglied-im-vorstand","status":"publish","type":"post","link":"http:\/\/heimatverein.he-webpack.de\/?p=14311","title":{"rendered":"Neues Mitglied im Vorstand"},"content":{"rendered":"<p><a href=\"http:\/\/heimatverein.he-webpack.de\/wp-content\/uploads\/2026\/04\/Vorstand-neues-Mitglied-900.jpg\" rel=\"lightbox[14311]\"><img loading=\"lazy\" decoding=\"async\" src=\"http:\/\/heimatverein.he-webpack.de\/wp-content\/uploads\/2026\/04\/Vorstand-neues-Mitglied-900-200x150.jpg\" alt=\"\" width=\"200\" height=\"150\" class=\"alignleft size-thumbnail wp-image-14312\" \/><\/a>16.04.2026 UB &#8211; Bei der Mitgliederversammlung am 15. M\u00e4rz 2026 wurde <strong>Nicole M\u00fclder als Beisitzer im Vorstand<\/strong> des HV B\u00f6rger gew\u00e4hlt. Sie betreut und koordiniert nun die Gruppen der Gemeinde, die das Plattproater-Cafe aufrecht erhalten. Auf dem Foto rechts: Kassenf\u00fchrer Stefan Sievers, 1. Vorsitzende Johanna Terhalle und Nicole M\u00fclder.<\/p>\n<p><a href=\"http:\/\/heimatverein.he-webpack.de\/wp-content\/uploads\/2026\/04\/Mitgliedervers-2026-Ehrung-900-.jpg\" rel=\"lightbox[14311]\"><img loading=\"lazy\" decoding=\"async\" src=\"http:\/\/heimatverein.he-webpack.de\/wp-content\/uploads\/2026\/04\/Mitgliedervers-2026-Ehrung-900--200x150.jpg\" alt=\"\" width=\"200\" height=\"150\" class=\"alignright size-thumbnail wp-image-14313\" \/><\/a>Bis zum November 2025 hatte der Heimatverein B\u00f6rger unter der Leitung von den &#8222;Hagen Geschwistern&#8220; monatlich Kaffee und Kuchen f\u00fcr die Mitglieder und der Bev\u00f6lkerung angeboten. Ab Februar 2026 \u00fcbernehmen diese Aufgabe Vereine, Nachbargemeinschaften und Cliquen der Gemeinde. Die Gruppe um die &#8222;Geschwister Hagen&#8220; hatte das schon zur Institution gewordene &#8222;Cafe&#8220; lange geleitet. Daf\u00fcr erhielten die Damen und Herren ein Pr\u00e4sent und den Dank der Heimatvereins-Gemeinschaft von der Vorsitzenden. Monika Langen durfte f\u00fcr die Gruppe ein sch\u00f6nes Pr\u00e4sent entgegennehmen. (Fotos: Tanja Grote)<\/p>\n","protected":false},"excerpt":{"rendered":"<p>16.04.2026 UB &#8211; Bei der Mitgliederversammlung am 15. M\u00e4rz 2026 wurde Nicole M\u00fclder als Beisitzer im Vorstand des HV B\u00f6rger gew\u00e4hlt. Sie betreut und koordiniert nun die Gruppen der Gemeinde, die das Plattproater-Cafe aufrecht erhalten. Auf dem Foto rechts: Kassenf\u00fchrer Stefan Sievers, 1. Vorsitzende Johanna Terhalle und Nicole M\u00fclder.<\/p>\n<p>Bis zum November 2025 hatte der [&#8230;]<\/p>\n","protected":false},"author":2,"featured_media":0,"comment_status":"closed","ping_status":"open","sticky":false,"template":"","format":"standard","meta":{"ngg_post_thumbnail":0,"footnotes":""},"categories":[3],"tags":[],"class_list":["post-14311","post","type-post","status-publish","format-standard","hentry","category-neuigkeiten","odd"],"_links":{"self":[{"href":"http:\/\/heimatverein.he-webpack.de\/index.php?rest_route=\/wp\/v2\/posts\/14311","targetHints":{"allow":["GET"]}}],"collection":[{"href":"http:\/\/heimatverein.he-webpack.de\/index.php?rest_route=\/wp\/v2\/posts"}],"about":[{"href":"http:\/\/heimatverein.he-webpack.de\/index.php?rest_route=\/wp\/v2\/types\/post"}],"author":[{"embeddable":true,"href":"http:\/\/heimatverein.he-webpack.de\/index.php?rest_route=\/wp\/v2\/users\/2"}],"replies":[{"embeddable":true,"href":"http:\/\/heimatverein.he-webpack.de\/index.php?rest_route=%2Fwp%2Fv2%2Fcomments&post=14311"}],"version-history":[{"count":10,"href":"http:\/\/heimatverein.he-webpack.de\/index.php?rest_route=\/wp\/v2\/posts\/14311\/revisions"}],"predecessor-version":[{"id":14356,"href":"http:\/\/heimatverein.he-webpack.de\/index.php?rest_route=\/wp\/v2\/posts\/14311\/revisions\/14356"}],"wp:attachment":[{"href":"http:\/\/heimatverein.he-webpack.de\/index.php?rest_route=%2Fwp%2Fv2%2Fmedia&parent=14311"}],"wp:term":[{"taxonomy":"category","embeddable":true,"href":"http:\/\/heimatverein.he-webpack.de\/index.php?rest_route=%2Fwp%2Fv2%2Fcategories&post=14311"},{"taxonomy":"post_tag","embeddable":true,"href":"http:\/\/heimatverein.he-webpack.de\/index.php?rest_route=%2Fwp%2Fv2%2Ftags&post=14311"}],"curies":[{"name":"wp","href":"https:\/\/api.w.org\/{rel}","templated":true}]}}