{"id":14288,"date":"2026-04-13T21:34:47","date_gmt":"2026-04-13T19:34:47","guid":{"rendered":"https:\/\/heimatverein.he-webpack.de\/?p=14288"},"modified":"2026-04-28T08:22:25","modified_gmt":"2026-04-28T06:22:25","slug":"historische-huemmling-denkmale","status":"publish","type":"post","link":"http:\/\/heimatverein.he-webpack.de\/?p=14288","title":{"rendered":"Historische Denkmale"},"content":{"rendered":"<p><a href=\"http:\/\/heimatverein.he-webpack.de\/wp-content\/uploads\/2026\/04\/Besprechg-Grabkultur-900.jpg\" rel=\"lightbox[14288]\"><img loading=\"lazy\" decoding=\"async\" src=\"http:\/\/heimatverein.he-webpack.de\/wp-content\/uploads\/2026\/04\/Besprechg-Grabkultur-900-200x150.jpg\" alt=\"\" width=\"200\" height=\"150\" class=\"alignright size-thumbnail wp-image-14289\" \/><\/a>13.04.2026 UB &#8211; Den Heimatvereinen Surwold und B\u00f6rger, sowie Einzelpersonen vom Nordh\u00fcmmling und dem angrenzenden Ostfriesischem Raum ist es ein Bed\u00fcrfnis die <strong>Steingrabdenkmale und H\u00fcgelgr\u00e4ber zu sch\u00fctzen<\/strong> und die Mitb\u00fcrger auf dem Nordh\u00fcmmling f\u00fcr den Schutz zu sensibelisieren. Dieses ist einer der Aufgaben der Heimatvereine. Man lud die Verantwortlichen vom Landkreis Emsland zu einem Gespr\u00e4ch ein. Dieses fand am 26. Februar 2026 statt.<br \/>\nNach einer Besprechung im Heimathaus B\u00f6rger und dem Besuch der &#8222;Surwoldgrabstelle&#8220; stellte man sich zu einem Erinnerungsfoto auf. (v.lks: Herm. Ubbenjans AK Geschichte HV B\u00f6rger, Thomas Kassens Kreisarch\u00e4ologe LK Emsland, Lisa Schadow Museumleitung LK Emsland, Tim Henze Projektmanager Naturpark H\u00fcmmling, Andre Thyen Heimatforscher B\u00f6rgerwald, Reinhold Grote 1. Vors. HV Surwold, Hans M\u00fcller Heimatkundler Neud\u00f6rpen, Ewald Mescher Heimatkundler B\u00f6rgermoor) &#8211; Heinz Oldiges 2. Vors. HV B\u00f6rger machte das Foto. Am Gespr\u00e4ch im Heimathaus nahmen auch Johanna Terhalle 1. Vors. HV B\u00f6rger und Johanna L\u00fcbbers von der Emslandtouristik teil. Heimatforscher Reiner R\u00f6ttgers aus Ihrhove vom Vorbereitungsteam fehlte krankheitsbedingt.<\/p>\n<p>Die Steingr\u00e4ber sind in den 1920\/1930er Jahren schon weitgehend erforscht und deren Lage und Sch\u00e4tze dokumentiert worden. Die Kriegsjahre zerst\u00f6rten ihre Arbeit weitgehend und so blieb die Aufarbeitung in der Wiederaufbauzeit stecken. Dieses sollte damals auch mit den H\u00fcgelgr\u00e4bern passieren. Frau Dr. Elisabeth Schlicht als Kreisarch\u00e4ologin und Andere haben sich darum gek\u00fcmmert und nach dem Kriege im Rahmen des Emslandplanes wertvolle Arbeit geleistet. Damals berichtete sie im Jahrbuch des EHB 1952 das im damaligen Landkreis Aschendorf-H\u00fcmmling 100 Steingr\u00e4ber und 3000 Grabh\u00fcgel existieren. <\/p>\n","protected":false},"excerpt":{"rendered":"<p>13.04.2026 UB &#8211; Den Heimatvereinen Surwold und B\u00f6rger, sowie Einzelpersonen vom Nordh\u00fcmmling und dem angrenzenden Ostfriesischem Raum ist es ein Bed\u00fcrfnis die Steingrabdenkmale und H\u00fcgelgr\u00e4ber zu sch\u00fctzen und die Mitb\u00fcrger auf dem Nordh\u00fcmmling f\u00fcr den Schutz zu sensibelisieren. Dieses ist einer der Aufgaben der Heimatvereine. Man lud die Verantwortlichen vom Landkreis Emsland zu einem Gespr\u00e4ch [&#8230;]<\/p>\n","protected":false},"author":2,"featured_media":0,"comment_status":"closed","ping_status":"open","sticky":false,"template":"","format":"standard","meta":{"ngg_post_thumbnail":0,"footnotes":""},"categories":[3],"tags":[],"class_list":["post-14288","post","type-post","status-publish","format-standard","hentry","category-neuigkeiten","odd"],"_links":{"self":[{"href":"http:\/\/heimatverein.he-webpack.de\/index.php?rest_route=\/wp\/v2\/posts\/14288","targetHints":{"allow":["GET"]}}],"collection":[{"href":"http:\/\/heimatverein.he-webpack.de\/index.php?rest_route=\/wp\/v2\/posts"}],"about":[{"href":"http:\/\/heimatverein.he-webpack.de\/index.php?rest_route=\/wp\/v2\/types\/post"}],"author":[{"embeddable":true,"href":"http:\/\/heimatverein.he-webpack.de\/index.php?rest_route=\/wp\/v2\/users\/2"}],"replies":[{"embeddable":true,"href":"http:\/\/heimatverein.he-webpack.de\/index.php?rest_route=%2Fwp%2Fv2%2Fcomments&post=14288"}],"version-history":[{"count":10,"href":"http:\/\/heimatverein.he-webpack.de\/index.php?rest_route=\/wp\/v2\/posts\/14288\/revisions"}],"predecessor-version":[{"id":14366,"href":"http:\/\/heimatverein.he-webpack.de\/index.php?rest_route=\/wp\/v2\/posts\/14288\/revisions\/14366"}],"wp:attachment":[{"href":"http:\/\/heimatverein.he-webpack.de\/index.php?rest_route=%2Fwp%2Fv2%2Fmedia&parent=14288"}],"wp:term":[{"taxonomy":"category","embeddable":true,"href":"http:\/\/heimatverein.he-webpack.de\/index.php?rest_route=%2Fwp%2Fv2%2Fcategories&post=14288"},{"taxonomy":"post_tag","embeddable":true,"href":"http:\/\/heimatverein.he-webpack.de\/index.php?rest_route=%2Fwp%2Fv2%2Ftags&post=14288"}],"curies":[{"name":"wp","href":"https:\/\/api.w.org\/{rel}","templated":true}]}}