{"id":14280,"date":"2026-04-11T13:14:31","date_gmt":"2026-04-11T11:14:31","guid":{"rendered":"https:\/\/heimatverein.he-webpack.de\/?p=14280"},"modified":"2026-04-13T21:52:22","modified_gmt":"2026-04-13T19:52:22","slug":"namenstagsfeier","status":"publish","type":"post","link":"http:\/\/heimatverein.he-webpack.de\/?p=14280","title":{"rendered":"Namenstagsfeier"},"content":{"rendered":"<p><a href=\"http:\/\/heimatverein.he-webpack.de\/wp-content\/uploads\/2026\/04\/Hermanntag-900.jpg\" rel=\"lightbox[14280]\"><img loading=\"lazy\" decoding=\"async\" src=\"http:\/\/heimatverein.he-webpack.de\/wp-content\/uploads\/2026\/04\/Hermanntag-900-200x150.jpg\" alt=\"\" width=\"200\" height=\"150\" class=\"alignleft size-thumbnail wp-image-14281\" \/><\/a>10.04.2026 UB &#8211; <\/p>\n<p>Die Feier des Namenstages war in vergangener Zeit wichtiger als der Geburtstagstag. Das hat eine Gruppe mit dem Vornamen Hermann am Ende der 90er Jahre zum Anlass genommen, diesen Tag mit einer Feier wieder aufleben zu lassen. Nach Reschergen \u00fcber den Ursprung des Namens stie\u00df man auf den Heiligen Hermann, der um 1150 in K\u00f6ln geboren wurde und der vor allem in der Eifel wirkte. Hier erhielt er auch seinen Zweitnamen Josef (vom Gemahl der Maria). Er starb am 7. April (1241?). Sein Grab und das Grabmal sind in der Klosterkirche in Kall\/Steinfeld in der Eifel. <\/p>\n<p>Anfang der 2000er ermittelte man, das es in B\u00f6rger \u00fcber 100 Personen gibt, die Hermann im Namen (als Hauptnamen oder auch als Zweitnamen) tragen. Leider werden diese Personen immer weniger. Bei der Namensgebung von S\u00e4uglingen sind andere Vornamen beliebter. Ab und an kommt der Name f\u00fcr die T\u00e4uflinge noch vor, meistens als Zweitname. Trotzdem feierten wir wieder unseren Namenspatron  <strong>Hermann<\/strong> am 7. April.<\/p>\n","protected":false},"excerpt":{"rendered":"<p>10.04.2026 UB &#8211; <\/p>\n<p>Die Feier des Namenstages war in vergangener Zeit wichtiger als der Geburtstagstag. Das hat eine Gruppe mit dem Vornamen Hermann am Ende der 90er Jahre zum Anlass genommen, diesen Tag mit einer Feier wieder aufleben zu lassen. Nach Reschergen \u00fcber den Ursprung des Namens stie\u00df man auf den Heiligen Hermann, der [&#8230;]<\/p>\n","protected":false},"author":2,"featured_media":0,"comment_status":"closed","ping_status":"open","sticky":false,"template":"","format":"standard","meta":{"ngg_post_thumbnail":0,"footnotes":""},"categories":[3],"tags":[],"class_list":["post-14280","post","type-post","status-publish","format-standard","hentry","category-neuigkeiten","odd"],"_links":{"self":[{"href":"http:\/\/heimatverein.he-webpack.de\/index.php?rest_route=\/wp\/v2\/posts\/14280","targetHints":{"allow":["GET"]}}],"collection":[{"href":"http:\/\/heimatverein.he-webpack.de\/index.php?rest_route=\/wp\/v2\/posts"}],"about":[{"href":"http:\/\/heimatverein.he-webpack.de\/index.php?rest_route=\/wp\/v2\/types\/post"}],"author":[{"embeddable":true,"href":"http:\/\/heimatverein.he-webpack.de\/index.php?rest_route=\/wp\/v2\/users\/2"}],"replies":[{"embeddable":true,"href":"http:\/\/heimatverein.he-webpack.de\/index.php?rest_route=%2Fwp%2Fv2%2Fcomments&post=14280"}],"version-history":[{"count":7,"href":"http:\/\/heimatverein.he-webpack.de\/index.php?rest_route=\/wp\/v2\/posts\/14280\/revisions"}],"predecessor-version":[{"id":14295,"href":"http:\/\/heimatverein.he-webpack.de\/index.php?rest_route=\/wp\/v2\/posts\/14280\/revisions\/14295"}],"wp:attachment":[{"href":"http:\/\/heimatverein.he-webpack.de\/index.php?rest_route=%2Fwp%2Fv2%2Fmedia&parent=14280"}],"wp:term":[{"taxonomy":"category","embeddable":true,"href":"http:\/\/heimatverein.he-webpack.de\/index.php?rest_route=%2Fwp%2Fv2%2Fcategories&post=14280"},{"taxonomy":"post_tag","embeddable":true,"href":"http:\/\/heimatverein.he-webpack.de\/index.php?rest_route=%2Fwp%2Fv2%2Ftags&post=14280"}],"curies":[{"name":"wp","href":"https:\/\/api.w.org\/{rel}","templated":true}]}}