{"id":14265,"date":"2026-03-15T19:25:02","date_gmt":"2026-03-15T18:25:02","guid":{"rendered":"https:\/\/heimatverein.he-webpack.de\/?p=14265"},"modified":"2026-03-17T21:12:31","modified_gmt":"2026-03-17T20:12:31","slug":"14265","status":"publish","type":"post","link":"http:\/\/heimatverein.he-webpack.de\/?p=14265","title":{"rendered":"Mitgliederversammlung 2026"},"content":{"rendered":"<p><a href=\"http:\/\/heimatverein.he-webpack.de\/wp-content\/uploads\/2026\/03\/Nachtansicht-ZS-900.jpg\" rel=\"lightbox[14265]\"><img loading=\"lazy\" decoding=\"async\" src=\"http:\/\/heimatverein.he-webpack.de\/wp-content\/uploads\/2026\/03\/Nachtansicht-ZS-900-200x150.jpg\" alt=\"\" width=\"200\" height=\"150\" class=\"alignright size-thumbnail wp-image-14268\" \/><\/a>15.03.2026 TG &#8211; Heute Nachmittag fand bei einer passablen Beteiligung die j\u00e4hrliche obligatorische Hauptversammlung des Heimatverein B\u00f6rger e. V. statt. Johanna Terhalle hat das arbeitsreiche Jahr 2025 Revue passieren lassen, Fotos zu den Arbeitseins\u00e4tzen wurden an die Leinwand projiziert. Stefan Sievers trug die finanzielle Situation des Vereins vor. Die Kasse wurde durch die Pr\u00fcfer Hans Klassen und Rudi Schmitz gepr\u00fcft und f\u00fcr korrekt erkl\u00e4rt. Daraufhin wurde auf Antrag der Vorstand entlastet. <\/p>\n<p>Bei den anschlie\u00dfenden Wahlen wurde Tanja Grote als Schriftf\u00fchrerin einstimmig wiedergew\u00e4hlt. Monika Langen stellte ihr Amt als Beisitzerin f\u00fcr das Plattproatercaf\u00e9 zur Verf\u00fcgung, da sie und ihr Team das Plattproatercaf\u00e9 nicht mehr veranstalten. Daraufhin wurde&nbsp; von Johanna Terhalle Nicole M\u00fclder als Nachfolgerin vorgeschlagen. Nicole M\u00fclder wurde einstimmig gew\u00e4hlt und nahm die Wahl an. Johanna Terhalle dankte Monika Langen und die beiden leider nicht anwesenden Andrea L\u00fcken und Maria L\u00fcbbers ihren Dank f\u00fcr die langj\u00e4hrige Arbeit im Plattproatercaf\u00e9 aus und \u00fcberreichte im Namen des Vereins ein kleines Geschenk.<\/p>\n","protected":false},"excerpt":{"rendered":"<p>15.03.2026 TG &#8211; Heute Nachmittag fand bei einer passablen Beteiligung die j\u00e4hrliche obligatorische Hauptversammlung des Heimatverein B\u00f6rger e. V. statt. Johanna Terhalle hat das arbeitsreiche Jahr 2025 Revue passieren lassen, Fotos zu den Arbeitseins\u00e4tzen wurden an die Leinwand projiziert. Stefan Sievers trug die finanzielle Situation des Vereins vor. Die Kasse wurde durch die Pr\u00fcfer Hans [&#8230;]<\/p>\n","protected":false},"author":20,"featured_media":0,"comment_status":"closed","ping_status":"open","sticky":false,"template":"","format":"standard","meta":{"ngg_post_thumbnail":0,"footnotes":""},"categories":[3],"tags":[],"class_list":["post-14265","post","type-post","status-publish","format-standard","hentry","category-neuigkeiten","odd"],"_links":{"self":[{"href":"http:\/\/heimatverein.he-webpack.de\/index.php?rest_route=\/wp\/v2\/posts\/14265","targetHints":{"allow":["GET"]}}],"collection":[{"href":"http:\/\/heimatverein.he-webpack.de\/index.php?rest_route=\/wp\/v2\/posts"}],"about":[{"href":"http:\/\/heimatverein.he-webpack.de\/index.php?rest_route=\/wp\/v2\/types\/post"}],"author":[{"embeddable":true,"href":"http:\/\/heimatverein.he-webpack.de\/index.php?rest_route=\/wp\/v2\/users\/20"}],"replies":[{"embeddable":true,"href":"http:\/\/heimatverein.he-webpack.de\/index.php?rest_route=%2Fwp%2Fv2%2Fcomments&post=14265"}],"version-history":[{"count":4,"href":"http:\/\/heimatverein.he-webpack.de\/index.php?rest_route=\/wp\/v2\/posts\/14265\/revisions"}],"predecessor-version":[{"id":14271,"href":"http:\/\/heimatverein.he-webpack.de\/index.php?rest_route=\/wp\/v2\/posts\/14265\/revisions\/14271"}],"wp:attachment":[{"href":"http:\/\/heimatverein.he-webpack.de\/index.php?rest_route=%2Fwp%2Fv2%2Fmedia&parent=14265"}],"wp:term":[{"taxonomy":"category","embeddable":true,"href":"http:\/\/heimatverein.he-webpack.de\/index.php?rest_route=%2Fwp%2Fv2%2Fcategories&post=14265"},{"taxonomy":"post_tag","embeddable":true,"href":"http:\/\/heimatverein.he-webpack.de\/index.php?rest_route=%2Fwp%2Fv2%2Ftags&post=14265"}],"curies":[{"name":"wp","href":"https:\/\/api.w.org\/{rel}","templated":true}]}}