{"id":14199,"date":"2026-02-05T17:07:43","date_gmt":"2026-02-05T16:07:43","guid":{"rendered":"https:\/\/heimatverein.he-webpack.de\/?p=14199"},"modified":"2026-02-08T21:01:20","modified_gmt":"2026-02-08T20:01:20","slug":"ein-wintermaerchen-und-strenge-kaelte","status":"publish","type":"post","link":"http:\/\/heimatverein.he-webpack.de\/?p=14199","title":{"rendered":"Ein Winter mit Schnee und K\u00e4lte"},"content":{"rendered":"<p><a href=\"http:\/\/heimatverein.he-webpack.de\/wp-content\/uploads\/2026\/02\/Heimath-900-am-20.01.2026.jpg\" rel=\"lightbox[14199]\"><img loading=\"lazy\" decoding=\"async\" src=\"http:\/\/heimatverein.he-webpack.de\/wp-content\/uploads\/2026\/02\/Heimath-900-am-20.01.2026-200x150.jpg\" alt=\"\" width=\"200\" height=\"150\" class=\"alignright size-thumbnail wp-image-14200\" \/><\/a>05.02.2026 UB &#8211; <\/p>\n<p>Manchen Mitb\u00fcrgern ist diese Jahreszeit mit Schnee und Eis nicht genehm, andere freuen sich, dass es wieder einmal Winter gibt. Besonders die Kinder k\u00f6nnen Schnee und gefrorene T\u00fcmpel sehr viel Spa\u00df abgewinnen. Sei es drum, die Winterruhe ist f\u00fcr Mensch und Natur eine Zeit der Erholung. Wir sollten die kurze Zeit so nutzen.<\/p>\n","protected":false},"excerpt":{"rendered":"<p>05.02.2026 UB &#8211; <\/p>\n<p>Manchen Mitb\u00fcrgern ist diese Jahreszeit mit Schnee und Eis nicht genehm, andere freuen sich, dass es wieder einmal Winter gibt. Besonders die Kinder k\u00f6nnen Schnee und gefrorene T\u00fcmpel sehr viel Spa\u00df abgewinnen. Sei es drum, die Winterruhe ist f\u00fcr Mensch und Natur eine Zeit der Erholung. Wir sollten die kurze Zeit [&#8230;]<\/p>\n","protected":false},"author":2,"featured_media":0,"comment_status":"closed","ping_status":"open","sticky":false,"template":"","format":"standard","meta":{"ngg_post_thumbnail":0,"footnotes":""},"categories":[3],"tags":[],"class_list":["post-14199","post","type-post","status-publish","format-standard","hentry","category-neuigkeiten","odd"],"_links":{"self":[{"href":"http:\/\/heimatverein.he-webpack.de\/index.php?rest_route=\/wp\/v2\/posts\/14199","targetHints":{"allow":["GET"]}}],"collection":[{"href":"http:\/\/heimatverein.he-webpack.de\/index.php?rest_route=\/wp\/v2\/posts"}],"about":[{"href":"http:\/\/heimatverein.he-webpack.de\/index.php?rest_route=\/wp\/v2\/types\/post"}],"author":[{"embeddable":true,"href":"http:\/\/heimatverein.he-webpack.de\/index.php?rest_route=\/wp\/v2\/users\/2"}],"replies":[{"embeddable":true,"href":"http:\/\/heimatverein.he-webpack.de\/index.php?rest_route=%2Fwp%2Fv2%2Fcomments&post=14199"}],"version-history":[{"count":12,"href":"http:\/\/heimatverein.he-webpack.de\/index.php?rest_route=\/wp\/v2\/posts\/14199\/revisions"}],"predecessor-version":[{"id":14233,"href":"http:\/\/heimatverein.he-webpack.de\/index.php?rest_route=\/wp\/v2\/posts\/14199\/revisions\/14233"}],"wp:attachment":[{"href":"http:\/\/heimatverein.he-webpack.de\/index.php?rest_route=%2Fwp%2Fv2%2Fmedia&parent=14199"}],"wp:term":[{"taxonomy":"category","embeddable":true,"href":"http:\/\/heimatverein.he-webpack.de\/index.php?rest_route=%2Fwp%2Fv2%2Fcategories&post=14199"},{"taxonomy":"post_tag","embeddable":true,"href":"http:\/\/heimatverein.he-webpack.de\/index.php?rest_route=%2Fwp%2Fv2%2Ftags&post=14199"}],"curies":[{"name":"wp","href":"https:\/\/api.w.org\/{rel}","templated":true}]}}