{"id":14158,"date":"2026-01-24T09:08:18","date_gmt":"2026-01-24T08:08:18","guid":{"rendered":"https:\/\/heimatverein.he-webpack.de\/?p=14158"},"modified":"2026-02-03T16:48:50","modified_gmt":"2026-02-03T15:48:50","slug":"wander-und-radtouren","status":"publish","type":"post","link":"http:\/\/heimatverein.he-webpack.de\/?p=14158","title":{"rendered":"Wander- und Radtouren"},"content":{"rendered":"<p><img loading=\"lazy\" decoding=\"async\" src=\"http:\/\/heimatverein.he-webpack.de\/wp-content\/uploads\/2026\/01\/Wander-Radwege-Noerdl900-200x150.jpg\" alt=\"\" width=\"200\" height=\"150\" class=\"alignright size-thumbnail wp-image-14120\" \/>23.01.2026 UB &#8211; <\/p>\n<p>Rund um B\u00f6rger haben wir eine vielseitige Landschaft, die es zu entdecken gilt. G\u00e4ste der Gemeinde erz\u00e4hlen uns immer wieder, wie sch\u00f6n es in der Umgebung von B\u00f6rger ist. Viele Einheimische wissen garnicht das man so viel &#8222;Neues&#8220; entdecken kann. Wanderungen in der Winterzeit durch die Mark B\u00f6rger sind sehr interessant. Und erst im Fr\u00fchjahr und Sommer!!!<\/p>\n<p>Unter der Rubrik Wandertouren und Fahrradtouren sind unsere Wegevorschl\u00e4ge einzusehen.<\/p>\n","protected":false},"excerpt":{"rendered":"<p>23.01.2026 UB &#8211; <\/p>\n<p>Rund um B\u00f6rger haben wir eine vielseitige Landschaft, die es zu entdecken gilt. G\u00e4ste der Gemeinde erz\u00e4hlen uns immer wieder, wie sch\u00f6n es in der Umgebung von B\u00f6rger ist. Viele Einheimische wissen garnicht das man so viel &#8222;Neues&#8220; entdecken kann. Wanderungen in der Winterzeit durch die Mark B\u00f6rger sind sehr interessant. [&#8230;]<\/p>\n","protected":false},"author":2,"featured_media":0,"comment_status":"closed","ping_status":"open","sticky":false,"template":"","format":"standard","meta":{"ngg_post_thumbnail":0,"footnotes":""},"categories":[3],"tags":[],"class_list":["post-14158","post","type-post","status-publish","format-standard","hentry","category-neuigkeiten","odd"],"_links":{"self":[{"href":"http:\/\/heimatverein.he-webpack.de\/index.php?rest_route=\/wp\/v2\/posts\/14158","targetHints":{"allow":["GET"]}}],"collection":[{"href":"http:\/\/heimatverein.he-webpack.de\/index.php?rest_route=\/wp\/v2\/posts"}],"about":[{"href":"http:\/\/heimatverein.he-webpack.de\/index.php?rest_route=\/wp\/v2\/types\/post"}],"author":[{"embeddable":true,"href":"http:\/\/heimatverein.he-webpack.de\/index.php?rest_route=\/wp\/v2\/users\/2"}],"replies":[{"embeddable":true,"href":"http:\/\/heimatverein.he-webpack.de\/index.php?rest_route=%2Fwp%2Fv2%2Fcomments&post=14158"}],"version-history":[{"count":4,"href":"http:\/\/heimatverein.he-webpack.de\/index.php?rest_route=\/wp\/v2\/posts\/14158\/revisions"}],"predecessor-version":[{"id":14195,"href":"http:\/\/heimatverein.he-webpack.de\/index.php?rest_route=\/wp\/v2\/posts\/14158\/revisions\/14195"}],"wp:attachment":[{"href":"http:\/\/heimatverein.he-webpack.de\/index.php?rest_route=%2Fwp%2Fv2%2Fmedia&parent=14158"}],"wp:term":[{"taxonomy":"category","embeddable":true,"href":"http:\/\/heimatverein.he-webpack.de\/index.php?rest_route=%2Fwp%2Fv2%2Fcategories&post=14158"},{"taxonomy":"post_tag","embeddable":true,"href":"http:\/\/heimatverein.he-webpack.de\/index.php?rest_route=%2Fwp%2Fv2%2Ftags&post=14158"}],"curies":[{"name":"wp","href":"https:\/\/api.w.org\/{rel}","templated":true}]}}