{"id":14145,"date":"2026-01-20T23:17:27","date_gmt":"2026-01-20T22:17:27","guid":{"rendered":"https:\/\/heimatverein.he-webpack.de\/?p=14145"},"modified":"2026-02-02T09:11:16","modified_gmt":"2026-02-02T08:11:16","slug":"theatergruppe-boerger","status":"publish","type":"post","link":"http:\/\/heimatverein.he-webpack.de\/?p=14145","title":{"rendered":"Theatergruppe B\u00f6rger"},"content":{"rendered":"<p>20.12.2025 JB &#8211; Wenn Gro\u00dfvater zur Verhandlungsmasse wird &#8211; Im Winter, wird es warm auf der B\u00fchne. In der Theatersaison 2026 hebt sich im Dorfgemeinschaftshaus erneut der Vorhang f\u00fcr die plattdeutsche Theatergruppe \u2013 und mit ihm f\u00fcr eine Geschichte, die ebenso komisch wie entlarvend ist. Gespielt wird der humorvolle Dreiakter \u201eOpa ward verk\u00f6fft\u201c, ein St\u00fcck voller Witz, List und menschlicher Abgr\u00fcnde.<\/p>\n<p>Seit Mitte Oktober wird unter der Regie von Helmut Gerdes mit gro\u00dfer Hingabe geprobt. Die Kom\u00f6die stammt aus der Feder von Franz Streicher und erschien im Karl Mahnke Theaterverlag; ihre niederdeutsche Stimme erhielt sie durch die \u00dcbersetzung von Dieter Jorschik. Was dabei entsteht, ist mehr als ein heiterer Theaterabend \u2013 es ist ein augenzwinkernder Blick auf Habgier, Moral und den oft untersch\u00e4tzten Scharfsinn des Alters. <\/p>\n<p>Im Zentrum steht Bauer Kulenkamp, der den Hof gleich mitsamt dem Opa \u00fcbernommen hat, als er einst die Erbin heiratete. Doch die Zeiten sind rauer geworden: Der Betrieb wirft kaum noch Gewinn ab, und die Streiche des alten Herrn sorgen eher f\u00fcr \u00c4rger als f\u00fcr Erheiterung. Kurzerhand reift ein Plan, der ebenso bequem wie herzlos ist \u2013 der Opa soll fort. Da tritt der wohlhabende Bauer Fiesebarg aus dem Nachbardorf auf den Plan. Er gibt den Wohlt\u00e4ter, verspricht dem alten Mann einen angenehmen Lebensabend in Wohlstand und Behaglichkeit. Was sich hinter der Fassade verbirgt, ahnt zun\u00e4chst niemand: Fiesebarg wei\u00df um den Besitz des Opas \u2013 zwei H\u00e4user, die dereinst vererbt werden wollen. Sein Angebot ist eindeutig: Er m\u00f6chte den Gro\u00dfvater regelrecht \u201eabkaufen\u201c. Der Opa zieht um, vom bescheidenen Kulenkamp-Hof in das protzige Haus der Fiesebargs. Doch wer glaubt, der Alte lasse sich so einfach verschieben wie ein M\u00f6belst\u00fcck, irrt gewaltig. L\u00e4ngst hat er das Spiel durchschaut. Mit feinem Spott, stiller Bosheit und viel Vergn\u00fcgen beginnt er, seine neuen \u201eBesitzer\u201c zu testen \u2013 immer ein St\u00fcckchen weiter, bis Heuchelei und falsche Versprechen nicht mehr aufrechtzuerhalten sind. Wie weit kann man gehen, wenn Gier das Handeln bestimmt? Und wer sitzt am Ende wirklich am l\u00e4ngeren Hebel? Die Antworten darauf serviert die Theatergruppe B\u00f6rger mit viel Humor, Tempo und plattdeutscher Sprachkraft. Mehr sei nicht verraten \u2013 nur so viel: Dieser Opa ist alles andere als wehrlos.<br \/>\n<a href=\"http:\/\/heimatverein.he-webpack.de\/wp-content\/uploads\/2025\/12\/Theatergr-900-Jan-2026.jpg\" rel=\"lightbox[14145]\"><img loading=\"lazy\" decoding=\"async\" src=\"http:\/\/heimatverein.he-webpack.de\/wp-content\/uploads\/2025\/12\/Theatergr-900-Jan-2026-1024x453.jpg\" alt=\"\" width=\"640\" height=\"283\" class=\"alignleft size-large wp-image-14115\" srcset=\"http:\/\/heimatverein.he-webpack.de\/wp-content\/uploads\/2025\/12\/Theatergr-900-Jan-2026-1024x453.jpg 1024w, http:\/\/heimatverein.he-webpack.de\/wp-content\/uploads\/2025\/12\/Theatergr-900-Jan-2026-300x133.jpg 300w, http:\/\/heimatverein.he-webpack.de\/wp-content\/uploads\/2025\/12\/Theatergr-900-Jan-2026-768x340.jpg 768w, http:\/\/heimatverein.he-webpack.de\/wp-content\/uploads\/2025\/12\/Theatergr-900-Jan-2026-1536x679.jpg 1536w, http:\/\/heimatverein.he-webpack.de\/wp-content\/uploads\/2025\/12\/Theatergr-900-Jan-2026-150x66.jpg 150w, http:\/\/heimatverein.he-webpack.de\/wp-content\/uploads\/2025\/12\/Theatergr-900-Jan-2026-400x177.jpg 400w, http:\/\/heimatverein.he-webpack.de\/wp-content\/uploads\/2025\/12\/Theatergr-900-Jan-2026.jpg 1800w\" sizes=\"auto, (max-width: 640px) 100vw, 640px\" \/><\/a><\/p>\n","protected":false},"excerpt":{"rendered":"<p>20.12.2025 JB &#8211; Wenn Gro\u00dfvater zur Verhandlungsmasse wird &#8211; Im Winter, wird es warm auf der B\u00fchne. In der Theatersaison 2026 hebt sich im Dorfgemeinschaftshaus erneut der Vorhang f\u00fcr die plattdeutsche Theatergruppe \u2013 und mit ihm f\u00fcr eine Geschichte, die ebenso komisch wie entlarvend ist. Gespielt wird der humorvolle Dreiakter \u201eOpa ward verk\u00f6fft\u201c, ein St\u00fcck [&#8230;]<\/p>\n","protected":false},"author":2,"featured_media":0,"comment_status":"closed","ping_status":"open","sticky":false,"template":"","format":"standard","meta":{"ngg_post_thumbnail":0,"footnotes":""},"categories":[3],"tags":[],"class_list":["post-14145","post","type-post","status-publish","format-standard","hentry","category-neuigkeiten","odd"],"_links":{"self":[{"href":"http:\/\/heimatverein.he-webpack.de\/index.php?rest_route=\/wp\/v2\/posts\/14145","targetHints":{"allow":["GET"]}}],"collection":[{"href":"http:\/\/heimatverein.he-webpack.de\/index.php?rest_route=\/wp\/v2\/posts"}],"about":[{"href":"http:\/\/heimatverein.he-webpack.de\/index.php?rest_route=\/wp\/v2\/types\/post"}],"author":[{"embeddable":true,"href":"http:\/\/heimatverein.he-webpack.de\/index.php?rest_route=\/wp\/v2\/users\/2"}],"replies":[{"embeddable":true,"href":"http:\/\/heimatverein.he-webpack.de\/index.php?rest_route=%2Fwp%2Fv2%2Fcomments&post=14145"}],"version-history":[{"count":5,"href":"http:\/\/heimatverein.he-webpack.de\/index.php?rest_route=\/wp\/v2\/posts\/14145\/revisions"}],"predecessor-version":[{"id":14176,"href":"http:\/\/heimatverein.he-webpack.de\/index.php?rest_route=\/wp\/v2\/posts\/14145\/revisions\/14176"}],"wp:attachment":[{"href":"http:\/\/heimatverein.he-webpack.de\/index.php?rest_route=%2Fwp%2Fv2%2Fmedia&parent=14145"}],"wp:term":[{"taxonomy":"category","embeddable":true,"href":"http:\/\/heimatverein.he-webpack.de\/index.php?rest_route=%2Fwp%2Fv2%2Fcategories&post=14145"},{"taxonomy":"post_tag","embeddable":true,"href":"http:\/\/heimatverein.he-webpack.de\/index.php?rest_route=%2Fwp%2Fv2%2Ftags&post=14145"}],"curies":[{"name":"wp","href":"https:\/\/api.w.org\/{rel}","templated":true}]}}