{"id":14091,"date":"2026-01-04T23:25:44","date_gmt":"2026-01-04T22:25:44","guid":{"rendered":"https:\/\/heimatverein.he-webpack.de\/?p=14091"},"modified":"2026-02-06T08:36:25","modified_gmt":"2026-02-06T07:36:25","slug":"jahresempfang-2026","status":"publish","type":"post","link":"http:\/\/heimatverein.he-webpack.de\/?p=14091","title":{"rendered":"Jahresempfang 2026"},"content":{"rendered":"<p><a href=\"http:\/\/heimatverein.he-webpack.de\/wp-content\/uploads\/2026\/01\/Jahresempf-900-.jpg\" rel=\"lightbox[14091]\"><img loading=\"lazy\" decoding=\"async\" src=\"http:\/\/heimatverein.he-webpack.de\/wp-content\/uploads\/2026\/01\/Jahresempf-900--200x150.jpg\" alt=\"\" width=\"200\" height=\"150\" class=\"alignleft size-thumbnail wp-image-14092\" \/><\/a>04.01.2026 UB &#8211; Die erste Vorstandsitzung des Heimatverein B\u00f6rger im Jahr, findet zusammen mit den Ehepartnern und Abordnungen der Kirchen, der Schulen und der Gemeinde statt. So auch in diesem Jahr. Vereinsvorsitzende Johanna Terhalle begr\u00fc\u00dfte die gutgelaunte Runde. Drau\u00dfen war der Heimathof winterlich verschneit. Man lies sich Kaffee und Kuchen schmecken. Danach berichtete Johanna von den Aktivit\u00e4ten des Vereines im abgelaufenen Jahr und erl\u00e4uterte die Vorhaben in 2026. <\/p>\n<p><a href=\"http:\/\/heimatverein.he-webpack.de\/wp-content\/uploads\/2026\/01\/Tunschere-an-Ev-Kirche900.jpg\" rel=\"lightbox[14091]\"><img loading=\"lazy\" decoding=\"async\" src=\"http:\/\/heimatverein.he-webpack.de\/wp-content\/uploads\/2026\/01\/Tunschere-an-Ev-Kirche900-200x150.jpg\" alt=\"\" width=\"200\" height=\"150\" class=\"alignright size-thumbnail wp-image-14223\" \/><\/a>P\u00fcnktlich nach diesen Ausf\u00fchrungen tauchten die Sternsinger auf. Sie trugen ihr Lied vor und erhielten Beifall von der Versammlung (Enja Zdralik, Havin Sahin, Luisa Kummer und Christine Geers). Die herumgereichte Sammelb\u00fcchse war danach gut gef\u00fcllt. Im Anschlu\u00df erhielt der B\u00fcrgermeister die obligatorische Tunschere f\u00fcr die \u00dcberlassung der H\u00e4user des Heimathofes. Er bedankte sich f\u00fcr die Arbeit des Heimatvereines f\u00fcr die Gemeinde B\u00f6rger herzlich. Weitere Tunscheren erhielt die ev. Diakonin Astrid Farwick und Bernd Gebkenjans f\u00fcr ihre Arbeit im Verein. Pastor Mathias Voss nahm die Tunschere f\u00fcr Frau Farwick entgegen. <\/p>\n<p>G L U E C K &#8211; S A E G E S &#8211; N E I J J O A H R <\/p>\n","protected":false},"excerpt":{"rendered":"<p>04.01.2026 UB &#8211; Die erste Vorstandsitzung des Heimatverein B\u00f6rger im Jahr, findet zusammen mit den Ehepartnern und Abordnungen der Kirchen, der Schulen und der Gemeinde statt. So auch in diesem Jahr. Vereinsvorsitzende Johanna Terhalle begr\u00fc\u00dfte die gutgelaunte Runde. Drau\u00dfen war der Heimathof winterlich verschneit. Man lies sich Kaffee und Kuchen schmecken. Danach berichtete Johanna von [&#8230;]<\/p>\n","protected":false},"author":2,"featured_media":0,"comment_status":"closed","ping_status":"open","sticky":false,"template":"","format":"standard","meta":{"ngg_post_thumbnail":0,"footnotes":""},"categories":[3],"tags":[],"class_list":["post-14091","post","type-post","status-publish","format-standard","hentry","category-neuigkeiten","odd"],"_links":{"self":[{"href":"http:\/\/heimatverein.he-webpack.de\/index.php?rest_route=\/wp\/v2\/posts\/14091","targetHints":{"allow":["GET"]}}],"collection":[{"href":"http:\/\/heimatverein.he-webpack.de\/index.php?rest_route=\/wp\/v2\/posts"}],"about":[{"href":"http:\/\/heimatverein.he-webpack.de\/index.php?rest_route=\/wp\/v2\/types\/post"}],"author":[{"embeddable":true,"href":"http:\/\/heimatverein.he-webpack.de\/index.php?rest_route=\/wp\/v2\/users\/2"}],"replies":[{"embeddable":true,"href":"http:\/\/heimatverein.he-webpack.de\/index.php?rest_route=%2Fwp%2Fv2%2Fcomments&post=14091"}],"version-history":[{"count":10,"href":"http:\/\/heimatverein.he-webpack.de\/index.php?rest_route=\/wp\/v2\/posts\/14091\/revisions"}],"predecessor-version":[{"id":14224,"href":"http:\/\/heimatverein.he-webpack.de\/index.php?rest_route=\/wp\/v2\/posts\/14091\/revisions\/14224"}],"wp:attachment":[{"href":"http:\/\/heimatverein.he-webpack.de\/index.php?rest_route=%2Fwp%2Fv2%2Fmedia&parent=14091"}],"wp:term":[{"taxonomy":"category","embeddable":true,"href":"http:\/\/heimatverein.he-webpack.de\/index.php?rest_route=%2Fwp%2Fv2%2Fcategories&post=14091"},{"taxonomy":"post_tag","embeddable":true,"href":"http:\/\/heimatverein.he-webpack.de\/index.php?rest_route=%2Fwp%2Fv2%2Ftags&post=14091"}],"curies":[{"name":"wp","href":"https:\/\/api.w.org\/{rel}","templated":true}]}}