{"id":14022,"date":"2025-12-14T11:01:35","date_gmt":"2025-12-14T10:01:35","guid":{"rendered":"http:\/\/heimatverein.he-webpack.de\/?p=14022"},"modified":"2026-01-16T16:08:27","modified_gmt":"2026-01-16T15:08:27","slug":"vorweihnachtsvergnuegen","status":"publish","type":"post","link":"http:\/\/heimatverein.he-webpack.de\/?p=14022","title":{"rendered":"Mit Freuden Weihnachten herbeisehnen"},"content":{"rendered":"<p><a href=\"http:\/\/heimatverein.he-webpack.de\/wp-content\/uploads\/2025\/12\/Konzert-in-Kirche-900jpg.jpg\" rel=\"lightbox[14022]\"><img loading=\"lazy\" decoding=\"async\" src=\"http:\/\/heimatverein.he-webpack.de\/wp-content\/uploads\/2025\/12\/Konzert-in-Kirche-900jpg-200x150.jpg\" alt=\"\" width=\"200\" height=\"150\" class=\"alignright size-thumbnail wp-image-14025\" \/><\/a>13.12.2025 UB &#8211; In der Adventszeit fanden viele vorweihnachtliche Veranstaltungen der B\u00f6rger Vereine und Gruppen statt. Es gab ein Konzert in der Pfarrkirche mit den H\u00fcmmlinger Musikanten, dem Chor und Organisten an der Orgel. Dabei war die Kirche herrlich ausgeleuchtet. Ein Licht- und Ohrenerlebnis. <\/p>\n<p><a href=\"http:\/\/heimatverein.he-webpack.de\/wp-content\/uploads\/2025\/12\/Traktorcorso8-900.jpg\" rel=\"lightbox[14022]\"><img loading=\"lazy\" decoding=\"async\" src=\"http:\/\/heimatverein.he-webpack.de\/wp-content\/uploads\/2025\/12\/Traktorcorso8-900-200x150.jpg\" alt=\"\" width=\"200\" height=\"150\" class=\"alignleft size-thumbnail wp-image-14078\" \/><\/a>Dann organisierte die B\u00f6rger Landjugend, so wie in den letzten Jahren, einen Trecker- bzw. Traktorcorso mit winterweihnachtlichem Lichterglanz durch B\u00f6rger. Mit dabei waren Oldtimerfreunde und Landwirte. An vielen Stellen im Ort trafen sich am Freitag vor dem 3. Advent die Familien, oft bei einem kleinen Lagerfeuer und einem Gl\u00fchwein um diesem Spektakel beizuwohnen. In diesem Jahr zogen \u00fcber 30 Traktoren durch die Stra\u00dfen, begleitet von der Polizei, der Feuerwehr und von Kl\u00e4ngen weihnachtlicher Musik.<\/p>\n","protected":false},"excerpt":{"rendered":"<p>13.12.2025 UB &#8211; In der Adventszeit fanden viele vorweihnachtliche Veranstaltungen der B\u00f6rger Vereine und Gruppen statt. Es gab ein Konzert in der Pfarrkirche mit den H\u00fcmmlinger Musikanten, dem Chor und Organisten an der Orgel. Dabei war die Kirche herrlich ausgeleuchtet. Ein Licht- und Ohrenerlebnis. <\/p>\n<p>Dann organisierte die B\u00f6rger Landjugend, so wie in den letzten [&#8230;]<\/p>\n","protected":false},"author":2,"featured_media":0,"comment_status":"closed","ping_status":"open","sticky":false,"template":"","format":"standard","meta":{"ngg_post_thumbnail":0,"footnotes":""},"categories":[3],"tags":[],"class_list":["post-14022","post","type-post","status-publish","format-standard","hentry","category-neuigkeiten","odd"],"_links":{"self":[{"href":"http:\/\/heimatverein.he-webpack.de\/index.php?rest_route=\/wp\/v2\/posts\/14022","targetHints":{"allow":["GET"]}}],"collection":[{"href":"http:\/\/heimatverein.he-webpack.de\/index.php?rest_route=\/wp\/v2\/posts"}],"about":[{"href":"http:\/\/heimatverein.he-webpack.de\/index.php?rest_route=\/wp\/v2\/types\/post"}],"author":[{"embeddable":true,"href":"http:\/\/heimatverein.he-webpack.de\/index.php?rest_route=\/wp\/v2\/users\/2"}],"replies":[{"embeddable":true,"href":"http:\/\/heimatverein.he-webpack.de\/index.php?rest_route=%2Fwp%2Fv2%2Fcomments&post=14022"}],"version-history":[{"count":24,"href":"http:\/\/heimatverein.he-webpack.de\/index.php?rest_route=\/wp\/v2\/posts\/14022\/revisions"}],"predecessor-version":[{"id":14114,"href":"http:\/\/heimatverein.he-webpack.de\/index.php?rest_route=\/wp\/v2\/posts\/14022\/revisions\/14114"}],"wp:attachment":[{"href":"http:\/\/heimatverein.he-webpack.de\/index.php?rest_route=%2Fwp%2Fv2%2Fmedia&parent=14022"}],"wp:term":[{"taxonomy":"category","embeddable":true,"href":"http:\/\/heimatverein.he-webpack.de\/index.php?rest_route=%2Fwp%2Fv2%2Fcategories&post=14022"},{"taxonomy":"post_tag","embeddable":true,"href":"http:\/\/heimatverein.he-webpack.de\/index.php?rest_route=%2Fwp%2Fv2%2Ftags&post=14022"}],"curies":[{"name":"wp","href":"https:\/\/api.w.org\/{rel}","templated":true}]}}