{"id":14003,"date":"2025-12-06T23:01:10","date_gmt":"2025-12-06T22:01:10","guid":{"rendered":"https:\/\/heimatverein.he-webpack.de\/?p=14003"},"modified":"2025-12-09T21:31:14","modified_gmt":"2025-12-09T20:31:14","slug":"sankt-nikolaus-2","status":"publish","type":"post","link":"http:\/\/heimatverein.he-webpack.de\/?p=14003","title":{"rendered":"Sankt Nikolaus in B\u00f6rger"},"content":{"rendered":"<p><a href=\"http:\/\/heimatverein.he-webpack.de\/wp-content\/uploads\/2025\/12\/St.-Nikolaus-900.jpg\" rel=\"lightbox[14003]\"><img loading=\"lazy\" decoding=\"async\" src=\"http:\/\/heimatverein.he-webpack.de\/wp-content\/uploads\/2025\/12\/St.-Nikolaus-900-200x150.jpg\" alt=\"\" width=\"200\" height=\"150\" class=\"alignright size-thumbnail wp-image-13989\" srcset=\"http:\/\/heimatverein.he-webpack.de\/wp-content\/uploads\/2025\/12\/St.-Nikolaus-900-200x150.jpg 200w, http:\/\/heimatverein.he-webpack.de\/wp-content\/uploads\/2025\/12\/St.-Nikolaus-900-300x223.jpg 300w, http:\/\/heimatverein.he-webpack.de\/wp-content\/uploads\/2025\/12\/St.-Nikolaus-900-768x572.jpg 768w, http:\/\/heimatverein.he-webpack.de\/wp-content\/uploads\/2025\/12\/St.-Nikolaus-900-150x112.jpg 150w, http:\/\/heimatverein.he-webpack.de\/wp-content\/uploads\/2025\/12\/St.-Nikolaus-900-400x298.jpg 400w, http:\/\/heimatverein.he-webpack.de\/wp-content\/uploads\/2025\/12\/St.-Nikolaus-900.jpg 900w\" sizes=\"auto, (max-width: 200px) 100vw, 200px\" \/><\/a>05.12.2025 UB &#8211; Am <strong>6. Dezember ist der Tag des Heiligen Nikolaus<\/strong>. Tags zuvor warten die Kinder schon sehns\u00fcchtig auf den Heiligen Mann. Am diesem Vortages zum Nikolaustag traf man sich in der St. Jodocus Kirche B\u00f6rger. Dort begr\u00fc\u00dfte man den Nikolaus. Nach deinem kurzen Wortgottesdient zog man begleitet von der Jugendfeuerwehr mit Fackeln zum Heimathaus. Die H\u00fcmmlinger Musikanten unterst\u00fctzten diesen stimmungsvollen Zug und das Treffen bei bestem Wetter. \u00dcber 200 Kinder, Eltern und Angeh\u00f6rigen nahmen teil. Der Nikolaus lie\u00df es sich auch nicht nehmen, im St. Josefstift vorbeizuschauen. Schon am Vormittag war der Nikolaus in der Schule und bei den Kleinen der Kinderg\u00e4rten. Auf dem Heimathof sorgten die H\u00fcmmlinger Musikanten mit ihrer Musik f\u00fcr wunderbare adventliche Stimmung. Fotos mit dem Nikolaus und seinen Engeln, Gl\u00fchwein &#038; Punsch vom Juki und ein Stutenkerl f\u00fcr alle rundeten den Abend ab.<\/p>\n<p>Der Brauch, Kinder zu beschenken, ist seit dem 12. Jahrhundert nachweisbar. Ein bedeutender Tag in der Adventszeit. Damals wie heute erreicht die Weihnachtszeit mit dem 24. Dezember ihren H\u00f6hepunkt. Vor langer Zeit wurden die Weihnachtsgeschenke bereits vom Heiligen Nikolaus gebracht. Ein Tag, an dem nicht nur an den Freund der Kinder und Schutzheiligen der Schiffer und Kaufleute erinnert wird, sondern an dem mit Nikolausgeschichten auf die bevorstehende Geburt und Ankunft des Erl\u00f6sers eingestimmt werden sollte.<\/p>\n","protected":false},"excerpt":{"rendered":"<p>05.12.2025 UB &#8211; Am 6. Dezember ist der Tag des Heiligen Nikolaus. Tags zuvor warten die Kinder schon sehns\u00fcchtig auf den Heiligen Mann. Am diesem Vortages zum Nikolaustag traf man sich in der St. Jodocus Kirche B\u00f6rger. Dort begr\u00fc\u00dfte man den Nikolaus. Nach deinem kurzen Wortgottesdient zog man begleitet von der Jugendfeuerwehr mit Fackeln zum [&#8230;]<\/p>\n","protected":false},"author":2,"featured_media":0,"comment_status":"closed","ping_status":"open","sticky":false,"template":"","format":"standard","meta":{"ngg_post_thumbnail":0,"footnotes":""},"categories":[3],"tags":[],"class_list":["post-14003","post","type-post","status-publish","format-standard","hentry","category-neuigkeiten","odd"],"_links":{"self":[{"href":"http:\/\/heimatverein.he-webpack.de\/index.php?rest_route=\/wp\/v2\/posts\/14003","targetHints":{"allow":["GET"]}}],"collection":[{"href":"http:\/\/heimatverein.he-webpack.de\/index.php?rest_route=\/wp\/v2\/posts"}],"about":[{"href":"http:\/\/heimatverein.he-webpack.de\/index.php?rest_route=\/wp\/v2\/types\/post"}],"author":[{"embeddable":true,"href":"http:\/\/heimatverein.he-webpack.de\/index.php?rest_route=\/wp\/v2\/users\/2"}],"replies":[{"embeddable":true,"href":"http:\/\/heimatverein.he-webpack.de\/index.php?rest_route=%2Fwp%2Fv2%2Fcomments&post=14003"}],"version-history":[{"count":4,"href":"http:\/\/heimatverein.he-webpack.de\/index.php?rest_route=\/wp\/v2\/posts\/14003\/revisions"}],"predecessor-version":[{"id":14020,"href":"http:\/\/heimatverein.he-webpack.de\/index.php?rest_route=\/wp\/v2\/posts\/14003\/revisions\/14020"}],"wp:attachment":[{"href":"http:\/\/heimatverein.he-webpack.de\/index.php?rest_route=%2Fwp%2Fv2%2Fmedia&parent=14003"}],"wp:term":[{"taxonomy":"category","embeddable":true,"href":"http:\/\/heimatverein.he-webpack.de\/index.php?rest_route=%2Fwp%2Fv2%2Fcategories&post=14003"},{"taxonomy":"post_tag","embeddable":true,"href":"http:\/\/heimatverein.he-webpack.de\/index.php?rest_route=%2Fwp%2Fv2%2Ftags&post=14003"}],"curies":[{"name":"wp","href":"https:\/\/api.w.org\/{rel}","templated":true}]}}