{"id":13969,"date":"2025-12-04T13:21:26","date_gmt":"2025-12-04T12:21:26","guid":{"rendered":"https:\/\/heimatverein.he-webpack.de\/?p=13969"},"modified":"2025-12-07T18:11:52","modified_gmt":"2025-12-07T17:11:52","slug":"krippenausstellung-in-der-zehntscheune","status":"publish","type":"post","link":"http:\/\/heimatverein.he-webpack.de\/?p=13969","title":{"rendered":"Krippenausstellung in der Zehntscheune"},"content":{"rendered":"<p><a href=\"http:\/\/heimatverein.he-webpack.de\/wp-content\/uploads\/2025\/12\/Krippe-UB-900.jpg\" rel=\"lightbox[13969]\"><img loading=\"lazy\" decoding=\"async\" src=\"http:\/\/heimatverein.he-webpack.de\/wp-content\/uploads\/2025\/12\/Krippe-UB-900-200x150.jpg\" alt=\"\" width=\"200\" height=\"150\" class=\"alignright size-thumbnail wp-image-13980\" \/><\/a>04.12.2025 UB &#8211; In diesem Jahr haben wir eine Vielzahl von Krippen zusammengetragen und vom 22. Sept. bis 08. Dez. (Wochenendes) ausgestellt. Es waren Krippen in Papierform, als Briefmarken, kleine (in einer Wallnu\u00df oder in einer Miniflasche) bis zu lebensgro\u00dfen Figuren. Es sind geh\u00e4kelte Figuren, Figuren aus Porzellan, Ton, Holz und vielen anderen Materialien. Krippen f\u00fcr Kinder zum Spielen, Sammelkrippen, Reisekrippen usw. Sie stammen aus vielen Teilen der Erde, vorrangig aus unserer Region. Unser Bild zeigt einen von Liborius Geers gefertigten Stall aus den 1990er Jahren. Insgesamt sind \u00fcber 100 Krippendarstellungen in der Zehntscheune zu sehen gewesen.<br \/>\nKrippen werden in der Weihnachtszeit, meistens ab dem 1. Advent aufgestellt. Sie sind bis heute fester Bestandteil des kirchlichen und h\u00e4uslichen Weihnachtsschmucks und werden in allen erdenklichen k\u00fcnstlerischen Stilen und Materialien gefertigt. Seit dem sp\u00e4ten Mittelalter sind sie zuerst im \u00f6ffentlichen Raum, in Kirchen, Kl\u00f6stern und auf \u00f6ffentlichen Pl\u00e4tzen zu finden gewesen. Sp\u00e4ter wurde das Aufstellen einer Krippe auch in Wohnh\u00e4usern modern. Oft verbunden mit dem deutschen Brauch, dem Aufstellen des Weihnachtsbaumes.<\/p>\n","protected":false},"excerpt":{"rendered":"<p>04.12.2025 UB &#8211; In diesem Jahr haben wir eine Vielzahl von Krippen zusammengetragen und vom 22. Sept. bis 08. Dez. (Wochenendes) ausgestellt. Es waren Krippen in Papierform, als Briefmarken, kleine (in einer Wallnu\u00df oder in einer Miniflasche) bis zu lebensgro\u00dfen Figuren. Es sind geh\u00e4kelte Figuren, Figuren aus Porzellan, Ton, Holz und vielen anderen Materialien. Krippen [&#8230;]<\/p>\n","protected":false},"author":2,"featured_media":0,"comment_status":"closed","ping_status":"open","sticky":false,"template":"","format":"standard","meta":{"ngg_post_thumbnail":0,"footnotes":""},"categories":[3],"tags":[],"class_list":["post-13969","post","type-post","status-publish","format-standard","hentry","category-neuigkeiten","odd"],"_links":{"self":[{"href":"http:\/\/heimatverein.he-webpack.de\/index.php?rest_route=\/wp\/v2\/posts\/13969","targetHints":{"allow":["GET"]}}],"collection":[{"href":"http:\/\/heimatverein.he-webpack.de\/index.php?rest_route=\/wp\/v2\/posts"}],"about":[{"href":"http:\/\/heimatverein.he-webpack.de\/index.php?rest_route=\/wp\/v2\/types\/post"}],"author":[{"embeddable":true,"href":"http:\/\/heimatverein.he-webpack.de\/index.php?rest_route=\/wp\/v2\/users\/2"}],"replies":[{"embeddable":true,"href":"http:\/\/heimatverein.he-webpack.de\/index.php?rest_route=%2Fwp%2Fv2%2Fcomments&post=13969"}],"version-history":[{"count":11,"href":"http:\/\/heimatverein.he-webpack.de\/index.php?rest_route=\/wp\/v2\/posts\/13969\/revisions"}],"predecessor-version":[{"id":14018,"href":"http:\/\/heimatverein.he-webpack.de\/index.php?rest_route=\/wp\/v2\/posts\/13969\/revisions\/14018"}],"wp:attachment":[{"href":"http:\/\/heimatverein.he-webpack.de\/index.php?rest_route=%2Fwp%2Fv2%2Fmedia&parent=13969"}],"wp:term":[{"taxonomy":"category","embeddable":true,"href":"http:\/\/heimatverein.he-webpack.de\/index.php?rest_route=%2Fwp%2Fv2%2Fcategories&post=13969"},{"taxonomy":"post_tag","embeddable":true,"href":"http:\/\/heimatverein.he-webpack.de\/index.php?rest_route=%2Fwp%2Fv2%2Ftags&post=13969"}],"curies":[{"name":"wp","href":"https:\/\/api.w.org\/{rel}","templated":true}]}}