{"id":13944,"date":"2025-12-03T13:04:05","date_gmt":"2025-12-03T12:04:05","guid":{"rendered":"https:\/\/heimatverein.he-webpack.de\/?p=13944"},"modified":"2025-12-20T12:57:41","modified_gmt":"2025-12-20T11:57:41","slug":"use-borger-2025-2","status":"publish","type":"post","link":"http:\/\/heimatverein.he-webpack.de\/?p=13944","title":{"rendered":"Use Borger 2025"},"content":{"rendered":"<p><a href=\"http:\/\/heimatverein.he-webpack.de\/wp-content\/uploads\/2025\/12\/Vorstellg-UseB2-900-1.jpg\" rel=\"lightbox[13944]\"><img loading=\"lazy\" decoding=\"async\" src=\"http:\/\/heimatverein.he-webpack.de\/wp-content\/uploads\/2025\/12\/Vorstellg-UseB2-900-1-200x150.jpg\" alt=\"\" width=\"200\" height=\"150\" class=\"alignleft size-thumbnail wp-image-14061\" \/><\/a>02.12.2025 UB &#8211; Seit gestern ist die neue Jahresschrift des Heimatverein B\u00f6rger auf dem Markt. Use Borger 2025 ist bei der Volksbank Nordh\u00fcmmling in B\u00f6rger, beim Nahkauf Janina Sap, bei Floristik Andrea Robben, Fris\u00f6r Gerdes und der Gemeindeverwaltung erh\u00e4ltlich.<\/p>\n<p>Beim <strong>traditionellen Gr\u00fcnkohlessen<\/strong> am Samstag vor dem 1. Advent wurde die Schrift vor einem gro\u00dfen Publikum von Bernd Gebkenjans (2.v.re.) und Hermann Ubbenjans (li.) vorgestellt. Die ersten Exemplare erhielten stellvertretend f\u00fcr die B\u00f6rger Bev\u00f6lkerung, Burkhard Becker, Diakon Kath. Pfarreiengemeinschaft St. Barbara (2.v.li.) Astrid Farwick, Diakonin Ev. Kirche S\u00f6gel (3.v.li.), Vereins-vorsitzende Johanna Terhalle (mittig), Pastor Mathias Vo\u00df (Pastor ev. Markusgemeinde S\u00f6gel) (3.v.re.), sowie J\u00fcrgen Ermes, B\u00fcrgermeister von B\u00f6rger (re.) \u00fcberreicht.<\/p>\n","protected":false},"excerpt":{"rendered":"<p>02.12.2025 UB &#8211; Seit gestern ist die neue Jahresschrift des Heimatverein B\u00f6rger auf dem Markt. Use Borger 2025 ist bei der Volksbank Nordh\u00fcmmling in B\u00f6rger, beim Nahkauf Janina Sap, bei Floristik Andrea Robben, Fris\u00f6r Gerdes und der Gemeindeverwaltung erh\u00e4ltlich.<\/p>\n<p>Beim traditionellen Gr\u00fcnkohlessen am Samstag vor dem 1. Advent wurde die Schrift vor einem gro\u00dfen Publikum [&#8230;]<\/p>\n","protected":false},"author":2,"featured_media":0,"comment_status":"closed","ping_status":"open","sticky":false,"template":"","format":"standard","meta":{"ngg_post_thumbnail":0,"footnotes":""},"categories":[3],"tags":[],"class_list":["post-13944","post","type-post","status-publish","format-standard","hentry","category-neuigkeiten","odd"],"_links":{"self":[{"href":"http:\/\/heimatverein.he-webpack.de\/index.php?rest_route=\/wp\/v2\/posts\/13944","targetHints":{"allow":["GET"]}}],"collection":[{"href":"http:\/\/heimatverein.he-webpack.de\/index.php?rest_route=\/wp\/v2\/posts"}],"about":[{"href":"http:\/\/heimatverein.he-webpack.de\/index.php?rest_route=\/wp\/v2\/types\/post"}],"author":[{"embeddable":true,"href":"http:\/\/heimatverein.he-webpack.de\/index.php?rest_route=\/wp\/v2\/users\/2"}],"replies":[{"embeddable":true,"href":"http:\/\/heimatverein.he-webpack.de\/index.php?rest_route=%2Fwp%2Fv2%2Fcomments&post=13944"}],"version-history":[{"count":20,"href":"http:\/\/heimatverein.he-webpack.de\/index.php?rest_route=\/wp\/v2\/posts\/13944\/revisions"}],"predecessor-version":[{"id":14063,"href":"http:\/\/heimatverein.he-webpack.de\/index.php?rest_route=\/wp\/v2\/posts\/13944\/revisions\/14063"}],"wp:attachment":[{"href":"http:\/\/heimatverein.he-webpack.de\/index.php?rest_route=%2Fwp%2Fv2%2Fmedia&parent=13944"}],"wp:term":[{"taxonomy":"category","embeddable":true,"href":"http:\/\/heimatverein.he-webpack.de\/index.php?rest_route=%2Fwp%2Fv2%2Fcategories&post=13944"},{"taxonomy":"post_tag","embeddable":true,"href":"http:\/\/heimatverein.he-webpack.de\/index.php?rest_route=%2Fwp%2Fv2%2Ftags&post=13944"}],"curies":[{"name":"wp","href":"https:\/\/api.w.org\/{rel}","templated":true}]}}