{"id":13910,"date":"2025-11-18T11:02:51","date_gmt":"2025-11-18T10:02:51","guid":{"rendered":"https:\/\/heimatverein.he-webpack.de\/?p=13910"},"modified":"2025-12-05T09:19:46","modified_gmt":"2025-12-05T08:19:46","slug":"volkstrauertag","status":"publish","type":"post","link":"http:\/\/heimatverein.he-webpack.de\/?p=13910","title":{"rendered":"Volkstrauertag"},"content":{"rendered":"<p><a href=\"http:\/\/heimatverein.he-webpack.de\/wp-content\/uploads\/2025\/11\/Kranzniederlegung-900.jpg\" rel=\"lightbox[13910]\"><img loading=\"lazy\" decoding=\"async\" src=\"http:\/\/heimatverein.he-webpack.de\/wp-content\/uploads\/2025\/11\/Kranzniederlegung-900-200x150.jpg\" alt=\"\" width=\"200\" height=\"150\" class=\"alignleft size-thumbnail wp-image-13911\" \/><\/a>18.11.2025 UB &#8211; Auf Einladung des B\u00fcrgermeisters versammelten sich am Volkstrauertag, nach dem Hochamt, die Gemeinde vor der Kirche um der Opfer von Krieg, Gewalt und Terror zu gedenken. B\u00fcrgermeister J\u00fcrgen Ermes begr\u00fc\u00dfte die Fahnenabordnungen der Vereine, die H\u00fcmmlinger Musikanten, die Mitglieder der Kath. Kirche, des Kirchenchores und die etwa 150 anwesenden G\u00e4ste. F\u00fcr die Gemeinde legten Jens Poltrock und Andreas Albers von der Feuerwehr einen Kranz am Ehrenmal nieder. Die H\u00fcmmlinger Musikanten spielten dabei das St\u00fcck &#8222;Ich hatte einen Kameraden&#8220;. Die Anwesenden sangen anschlie\u00dfend zusammen mit Alfons Kleine und Mitgliedern des Kirchenchores das &#8222;B\u00f6rgermoorlied&#8220; das als Moorsoldatenlied ber\u00fchmt wurde.<\/p>\n<p>J\u00fcrgen Ermes erinnerte dann daran, dass vor 80 Jahren der II. Weltkrieg zu Ende ging. Und dass die <strong>Erinnerung an Krieg und Unrecht<\/strong> mit der Zeit verblasst. Nur wenige Mitb\u00fcrger haben den Krieg, Tod und Terror noch miterlebt. Deshalb sei ein Erinnern heute wichtiger denn je. Wir erleben momentan Krieg in Pal\u00e4stina und der Ukraine. Es sei wichtig zu wissen, wohin es f\u00fchrt, wenn Menschenrechte missachtet werden und Institutionen ausgeh\u00f6hlt werden. Durch Hassbotschaften, Desinformation und das S\u00e4en von Zwietracht ger\u00e4t unsere Gesellschaft und der Frieden in Gefahr. Pfarradministratorin Doris Brinker betete mit der Gemeinde f\u00fcr den Frieden. Auch die Ansprache im vorhergehenden Gottesdienst klang dieses Thema an. M\u00f6ge der Herr und Gott uns die Kraft geben allen Anfeindungen zu widerstehen, die von falschen Propheten propagiert werden. Lasst uns wachsam sein. Solidarisch gemeinsam f\u00fcr Gerechtigkeit streiten und die Zukunft in Freiheit gestalten.<\/p>\n<p>Obligatorisch  wurde zum Abschluss der Veranstaltung von Allen das Deutschlandlied gesungen.<\/p>\n","protected":false},"excerpt":{"rendered":"<p>18.11.2025 UB &#8211; Auf Einladung des B\u00fcrgermeisters versammelten sich am Volkstrauertag, nach dem Hochamt, die Gemeinde vor der Kirche um der Opfer von Krieg, Gewalt und Terror zu gedenken. B\u00fcrgermeister J\u00fcrgen Ermes begr\u00fc\u00dfte die Fahnenabordnungen der Vereine, die H\u00fcmmlinger Musikanten, die Mitglieder der Kath. Kirche, des Kirchenchores und die etwa 150 anwesenden G\u00e4ste. F\u00fcr die [&#8230;]<\/p>\n","protected":false},"author":2,"featured_media":0,"comment_status":"closed","ping_status":"open","sticky":false,"template":"","format":"standard","meta":{"ngg_post_thumbnail":0,"footnotes":""},"categories":[3],"tags":[],"class_list":["post-13910","post","type-post","status-publish","format-standard","hentry","category-neuigkeiten","odd"],"_links":{"self":[{"href":"http:\/\/heimatverein.he-webpack.de\/index.php?rest_route=\/wp\/v2\/posts\/13910","targetHints":{"allow":["GET"]}}],"collection":[{"href":"http:\/\/heimatverein.he-webpack.de\/index.php?rest_route=\/wp\/v2\/posts"}],"about":[{"href":"http:\/\/heimatverein.he-webpack.de\/index.php?rest_route=\/wp\/v2\/types\/post"}],"author":[{"embeddable":true,"href":"http:\/\/heimatverein.he-webpack.de\/index.php?rest_route=\/wp\/v2\/users\/2"}],"replies":[{"embeddable":true,"href":"http:\/\/heimatverein.he-webpack.de\/index.php?rest_route=%2Fwp%2Fv2%2Fcomments&post=13910"}],"version-history":[{"count":13,"href":"http:\/\/heimatverein.he-webpack.de\/index.php?rest_route=\/wp\/v2\/posts\/13910\/revisions"}],"predecessor-version":[{"id":13977,"href":"http:\/\/heimatverein.he-webpack.de\/index.php?rest_route=\/wp\/v2\/posts\/13910\/revisions\/13977"}],"wp:attachment":[{"href":"http:\/\/heimatverein.he-webpack.de\/index.php?rest_route=%2Fwp%2Fv2%2Fmedia&parent=13910"}],"wp:term":[{"taxonomy":"category","embeddable":true,"href":"http:\/\/heimatverein.he-webpack.de\/index.php?rest_route=%2Fwp%2Fv2%2Fcategories&post=13910"},{"taxonomy":"post_tag","embeddable":true,"href":"http:\/\/heimatverein.he-webpack.de\/index.php?rest_route=%2Fwp%2Fv2%2Ftags&post=13910"}],"curies":[{"name":"wp","href":"https:\/\/api.w.org\/{rel}","templated":true}]}}