{"id":13889,"date":"2025-10-27T00:35:09","date_gmt":"2025-10-26T23:35:09","guid":{"rendered":"https:\/\/heimatverein.he-webpack.de\/?p=13889"},"modified":"2025-12-05T09:23:13","modified_gmt":"2025-12-05T08:23:13","slug":"13889","status":"publish","type":"post","link":"http:\/\/heimatverein.he-webpack.de\/?p=13889","title":{"rendered":"Ein au\u00dfergew\u00f6hnlicher Vogel"},"content":{"rendered":"<p><a href=\"http:\/\/heimatverein.he-webpack.de\/wp-content\/uploads\/2025\/10\/Dr-Andreas-Schuering-900.jpg\" rel=\"lightbox[13889]\"><img loading=\"lazy\" decoding=\"async\" src=\"http:\/\/heimatverein.he-webpack.de\/wp-content\/uploads\/2025\/10\/Dr-Andreas-Schuering-900-200x150.jpg\" alt=\"\" width=\"200\" height=\"150\" class=\"alignright size-thumbnail wp-image-13882\" \/><\/a>26.10.2025 UB &#8211; Vogelkundler Dr. Andreas Sch\u00fcring war heute, am Sonntag den 26. Okt. 2025, auf Einladung von Johanna Terhalle beim Heimatverein B\u00f6rger zu Gast. Und das nicht zum ersten Mal. Schon 2017 referierte er bei uns \u00fcber die gr\u00f6\u00dfte heimische Eulenart, den Uhu, der hier auf dem H\u00fcmmling wieder heimisch ist und im Jahre 2009 gab es einen Bericht \u00fcber den sehr seltenen Steinkauz, der in einer kleinen Population um Wieste herum lebt. Nun berichtete er \u00fcber die Turmfalken.<\/p>\n<p>Der gelernte Mediziner und gewiefte Fotograf ist <strong>Experte der Vogelwelt<\/strong> und betreut und arbeitet mit beim NABU und ist sehr aktiv beim Naturschutzprojekt &#8222;Teikenmeer&#8220;. Er besch\u00e4ftigt sich nun seit einigen Jahren mit der Erforschung des Lebens des Turmfalken und hat hier \u00fcber Jahre fundiertes Wissen gesammelt und Filmmaterial und Fotos gemacht. Er war stundenlang und tagelang im Werlter Kirchturm und hatte sich mit den dort nistenden V\u00f6geln vertraut gemacht, &#8222;ja angefreundet&#8220;. Dabei sind teilweise bahnbrechende neue Erkenntnisse aufgedeckt worden. Diese wurden in Fachzeitschriften schon ver\u00f6ffentlicht.<br \/>\nEs waren kurzweilige interessante Stunden an diesem Sonntagnachmittag.<\/p>\n","protected":false},"excerpt":{"rendered":"<p>26.10.2025 UB &#8211; Vogelkundler Dr. Andreas Sch\u00fcring war heute, am Sonntag den 26. Okt. 2025, auf Einladung von Johanna Terhalle beim Heimatverein B\u00f6rger zu Gast. Und das nicht zum ersten Mal. Schon 2017 referierte er bei uns \u00fcber die gr\u00f6\u00dfte heimische Eulenart, den Uhu, der hier auf dem H\u00fcmmling wieder heimisch ist und im Jahre [&#8230;]<\/p>\n","protected":false},"author":2,"featured_media":0,"comment_status":"closed","ping_status":"open","sticky":false,"template":"","format":"standard","meta":{"ngg_post_thumbnail":0,"footnotes":""},"categories":[3],"tags":[],"class_list":["post-13889","post","type-post","status-publish","format-standard","hentry","category-neuigkeiten","odd"],"_links":{"self":[{"href":"http:\/\/heimatverein.he-webpack.de\/index.php?rest_route=\/wp\/v2\/posts\/13889","targetHints":{"allow":["GET"]}}],"collection":[{"href":"http:\/\/heimatverein.he-webpack.de\/index.php?rest_route=\/wp\/v2\/posts"}],"about":[{"href":"http:\/\/heimatverein.he-webpack.de\/index.php?rest_route=\/wp\/v2\/types\/post"}],"author":[{"embeddable":true,"href":"http:\/\/heimatverein.he-webpack.de\/index.php?rest_route=\/wp\/v2\/users\/2"}],"replies":[{"embeddable":true,"href":"http:\/\/heimatverein.he-webpack.de\/index.php?rest_route=%2Fwp%2Fv2%2Fcomments&post=13889"}],"version-history":[{"count":5,"href":"http:\/\/heimatverein.he-webpack.de\/index.php?rest_route=\/wp\/v2\/posts\/13889\/revisions"}],"predecessor-version":[{"id":13978,"href":"http:\/\/heimatverein.he-webpack.de\/index.php?rest_route=\/wp\/v2\/posts\/13889\/revisions\/13978"}],"wp:attachment":[{"href":"http:\/\/heimatverein.he-webpack.de\/index.php?rest_route=%2Fwp%2Fv2%2Fmedia&parent=13889"}],"wp:term":[{"taxonomy":"category","embeddable":true,"href":"http:\/\/heimatverein.he-webpack.de\/index.php?rest_route=%2Fwp%2Fv2%2Fcategories&post=13889"},{"taxonomy":"post_tag","embeddable":true,"href":"http:\/\/heimatverein.he-webpack.de\/index.php?rest_route=%2Fwp%2Fv2%2Ftags&post=13889"}],"curies":[{"name":"wp","href":"https:\/\/api.w.org\/{rel}","templated":true}]}}